{"id":5005,"date":"2022-07-11T11:58:00","date_gmt":"2022-07-11T14:58:00","guid":{"rendered":"https:\/\/www.lateandes.com\/?p=5005"},"modified":"2023-05-16T16:07:53","modified_gmt":"2023-05-16T19:07:53","slug":"integracion-en-los-modelos-estructurales-del-mundo-con-andino3d-udes-universidad-de-santander","status":"publish","type":"post","link":"https:\/\/www.lateandes.com\/en\/integracion-en-los-modelos-estructurales-del-mundo-con-andino3d-udes-universidad-de-santander\/","title":{"rendered":"Integraci\u00f3n en los modelos estructurales del mundo con Andino3D. UDES Universidad de Santander"},"content":{"rendered":"\n<p>La <a href=\"https:\/\/udes.edu.co\/\" target=\"_blank\" rel=\"noreferrer noopener\">Universidad de Santander, UDES<\/a>, de Colombia, es una instituci\u00f3n de car\u00e1cter privado sin \u00e1nimo de lucro con 38 a\u00f1os de trayectoria. Desde su concepci\u00f3n y fundaci\u00f3n, a cargo del doctor Fernando Vargas Mendoza en el a\u00f1o de 1982, inici\u00f3 un largo camino de evoluci\u00f3n de su proceso educativo, pasando de ser una instituci\u00f3n t\u00e9cnica y tecnol\u00f3gica, hasta llegar a ser una de las Universidades m\u00e1s reconocida del pa\u00eds. En la actualidad presenta una amplia oferta educativa con m\u00e1s de 103 programas acad\u00e9micos; con los cuales abarca y responde todas las necesidades y tendencias del conocimiento, la ciencia, la tecnolog\u00eda y la innovaci\u00f3n.<\/p>\n\n\n\n<p><a href=\"http:\/\/www.andino3D.com.ar\" target=\"_blank\" rel=\"noreferrer noopener\">Andino 3D<\/a>, nuestro software de modelado estructural, fue elegido por esta reconocida Instituci\u00f3n para contribuir al desarrollo acad\u00e9mico y proyectos de investigaci\u00f3n. Gracias a su versatilidad y su simpleza, Andino 3D es el software de modelado estructural m\u00e1s poderoso. Permite integrar toda la informaci\u00f3n disponible en su empresa, instituci\u00f3n o \u00e1rea de inter\u00e9s de manera sencilla en un ambiente tridimensional.<\/p>\n\n\n\n<p>\u00a1Gracias por elegirnos!<\/p>\n\n\n\n<p>Andino 3D, Integraci\u00f3n para la imaginaci\u00f3n<br>Para m\u00e1s informaci\u00f3n, visita nuestra web <a href=\"http:\/\/www.andino3D.com.ar\" target=\"_blank\" rel=\"noreferrer noopener\">www.andino3D.com.ar<\/a><\/p>\n","protected":false},"excerpt":{"rendered":"<p>La Universidad de Santander, UDES, de Colombia, es una instituci\u00f3n de car\u00e1cter privado sin \u00e1nimo de lucro con 38 a\u00f1os de trayectoria. Desde su concepci\u00f3n y fundaci\u00f3n, a cargo del doctor Fernando Vargas Mendoza en el a\u00f1o de 1982, inici\u00f3 un largo camino de evoluci\u00f3n de su proceso educativo, pasando de ser una instituci\u00f3n t\u00e9cnica&#8230;<\/p>\n","protected":false},"author":18,"featured_media":5006,"comment_status":"closed","ping_status":"closed","sticky":false,"template":"","format":"standard","meta":{"footnotes":""},"categories":[2],"tags":[116],"class_list":["post-5005","post","type-post","status-publish","format-standard","has-post-thumbnail","hentry","category-noticias","tag-andino3d"],"yoast_head":"<!-- This site is optimized with the Yoast SEO plugin v27.5 - https:\/\/yoast.com\/product\/yoast-seo-wordpress\/ -->\n<title>Integraci\u00f3n en los modelos estructurales del mundo con Andino3D. UDES Universidad de Santander - LA.TE. ANDES S.A.<\/title>\n<meta name=\"robots\" content=\"index, follow, max-snippet:-1, max-image-preview:large, max-video-preview:-1\" \/>\n<link rel=\"canonical\" href=\"https:\/\/www.lateandes.com\/en\/integracion-en-los-modelos-estructurales-del-mundo-con-andino3d-udes-universidad-de-santander\/\" \/>\n<meta property=\"og:locale\" content=\"en_US\" \/>\n<meta property=\"og:type\" content=\"article\" \/>\n<meta property=\"og:title\" content=\"Integraci\u00f3n en los modelos estructurales del mundo con Andino3D. UDES Universidad de Santander - LA.TE. ANDES S.A.\" \/>\n<meta property=\"og:description\" content=\"La Universidad de Santander, UDES, de Colombia, es una instituci\u00f3n de car\u00e1cter privado sin \u00e1nimo de lucro con 38 a\u00f1os de trayectoria. Desde su concepci\u00f3n y fundaci\u00f3n, a cargo del doctor Fernando Vargas Mendoza en el a\u00f1o de 1982, inici\u00f3 un largo camino de evoluci\u00f3n de su proceso educativo, pasando de ser una instituci\u00f3n t\u00e9cnica...\" \/>\n<meta property=\"og:url\" content=\"https:\/\/www.lateandes.com\/en\/integracion-en-los-modelos-estructurales-del-mundo-con-andino3d-udes-universidad-de-santander\/\" \/>\n<meta property=\"og:site_name\" content=\"LA.TE. ANDES S.A.\" \/>\n<meta property=\"article:published_time\" content=\"2022-07-11T14:58:00+00:00\" \/>\n<meta property=\"article:modified_time\" content=\"2023-05-16T19:07:53+00:00\" \/>\n<meta property=\"og:image\" content=\"https:\/\/www.lateandes.com\/late\/wp-content\/uploads\/2022\/07\/integracion-andino3d-universidad-de-santander-udes.jpg\" \/>\n\t<meta property=\"og:image:width\" content=\"1080\" \/>\n\t<meta property=\"og:image:height\" content=\"1080\" \/>\n\t<meta property=\"og:image:type\" content=\"image\/jpeg\" \/>\n<meta name=\"author\" content=\"Prensa La.Te. Andes\" \/>\n<meta name=\"twitter:card\" content=\"summary_large_image\" \/>\n<meta name=\"twitter:label1\" content=\"Written by\" \/>\n\t<meta name=\"twitter:data1\" content=\"Prensa La.Te. Andes\" \/>\n\t<meta name=\"twitter:label2\" content=\"Est. reading time\" \/>\n\t<meta name=\"twitter:data2\" content=\"1 minute\" \/>\n<!-- \/ Yoast SEO plugin. -->","yoast_head_json":{"title":"Integraci\u00f3n en los modelos estructurales del mundo con Andino3D. UDES Universidad de Santander - LA.TE. ANDES S.A.","robots":{"index":"index","follow":"follow","max-snippet":"max-snippet:-1","max-image-preview":"max-image-preview:large","max-video-preview":"max-video-preview:-1"},"canonical":"https:\/\/www.lateandes.com\/en\/integracion-en-los-modelos-estructurales-del-mundo-con-andino3d-udes-universidad-de-santander\/","og_locale":"en_US","og_type":"article","og_title":"Integraci\u00f3n en los modelos estructurales del mundo con Andino3D. UDES Universidad de Santander - LA.TE. ANDES S.A.","og_description":"La Universidad de Santander, UDES, de Colombia, es una instituci\u00f3n de car\u00e1cter privado sin \u00e1nimo de lucro con 38 a\u00f1os de trayectoria. Desde su concepci\u00f3n y fundaci\u00f3n, a cargo del doctor Fernando Vargas Mendoza en el a\u00f1o de 1982, inici\u00f3 un largo camino de evoluci\u00f3n de su proceso educativo, pasando de ser una instituci\u00f3n t\u00e9cnica...","og_url":"https:\/\/www.lateandes.com\/en\/integracion-en-los-modelos-estructurales-del-mundo-con-andino3d-udes-universidad-de-santander\/","og_site_name":"LA.TE. ANDES S.A.","article_published_time":"2022-07-11T14:58:00+00:00","article_modified_time":"2023-05-16T19:07:53+00:00","og_image":[{"width":1080,"height":1080,"url":"https:\/\/www.lateandes.com\/late\/wp-content\/uploads\/2022\/07\/integracion-andino3d-universidad-de-santander-udes.jpg","type":"image\/jpeg"}],"author":"Prensa La.Te. Andes","twitter_card":"summary_large_image","twitter_misc":{"Written by":"Prensa La.Te. Andes","Est. reading time":"1 minute"},"schema":{"@context":"https:\/\/schema.org","@graph":[{"@type":"Article","@id":"https:\/\/www.lateandes.com\/en\/integracion-en-los-modelos-estructurales-del-mundo-con-andino3d-udes-universidad-de-santander\/#article","isPartOf":{"@id":"https:\/\/www.lateandes.com\/en\/integracion-en-los-modelos-estructurales-del-mundo-con-andino3d-udes-universidad-de-santander\/"},"author":{"name":"Prensa La.Te. Andes","@id":"https:\/\/www.lateandes.com\/en\/#\/schema\/person\/884dcfb7ca3382fb26fecb065725ef46"},"headline":"Integraci\u00f3n en los modelos estructurales del mundo con Andino3D. UDES Universidad de Santander","datePublished":"2022-07-11T14:58:00+00:00","dateModified":"2023-05-16T19:07:53+00:00","mainEntityOfPage":{"@id":"https:\/\/www.lateandes.com\/en\/integracion-en-los-modelos-estructurales-del-mundo-con-andino3d-udes-universidad-de-santander\/"},"wordCount":221,"publisher":{"@id":"https:\/\/www.lateandes.com\/en\/#organization"},"image":{"@id":"https:\/\/www.lateandes.com\/en\/integracion-en-los-modelos-estructurales-del-mundo-con-andino3d-udes-universidad-de-santander\/#primaryimage"},"thumbnailUrl":"https:\/\/www.lateandes.com\/late\/wp-content\/uploads\/2022\/07\/integracion-andino3d-universidad-de-santander-udes.jpg","keywords":["andino3D"],"articleSection":["Noticias"],"inLanguage":"en-US"},{"@type":"WebPage","@id":"https:\/\/www.lateandes.com\/en\/integracion-en-los-modelos-estructurales-del-mundo-con-andino3d-udes-universidad-de-santander\/","url":"https:\/\/www.lateandes.com\/en\/integracion-en-los-modelos-estructurales-del-mundo-con-andino3d-udes-universidad-de-santander\/","name":"Integraci\u00f3n en los modelos estructurales del mundo con Andino3D. UDES Universidad de Santander - LA.TE. ANDES S.A.","isPartOf":{"@id":"https:\/\/www.lateandes.com\/en\/#website"},"primaryImageOfPage":{"@id":"https:\/\/www.lateandes.com\/en\/integracion-en-los-modelos-estructurales-del-mundo-con-andino3d-udes-universidad-de-santander\/#primaryimage"},"image":{"@id":"https:\/\/www.lateandes.com\/en\/integracion-en-los-modelos-estructurales-del-mundo-con-andino3d-udes-universidad-de-santander\/#primaryimage"},"thumbnailUrl":"https:\/\/www.lateandes.com\/late\/wp-content\/uploads\/2022\/07\/integracion-andino3d-universidad-de-santander-udes.jpg","datePublished":"2022-07-11T14:58:00+00:00","dateModified":"2023-05-16T19:07:53+00:00","breadcrumb":{"@id":"https:\/\/www.lateandes.com\/en\/integracion-en-los-modelos-estructurales-del-mundo-con-andino3d-udes-universidad-de-santander\/#breadcrumb"},"inLanguage":"en-US","potentialAction":[{"@type":"ReadAction","target":["https:\/\/www.lateandes.com\/en\/integracion-en-los-modelos-estructurales-del-mundo-con-andino3d-udes-universidad-de-santander\/"]}]},{"@type":"ImageObject","inLanguage":"en-US","@id":"https:\/\/www.lateandes.com\/en\/integracion-en-los-modelos-estructurales-del-mundo-con-andino3d-udes-universidad-de-santander\/#primaryimage","url":"https:\/\/www.lateandes.com\/late\/wp-content\/uploads\/2022\/07\/integracion-andino3d-universidad-de-santander-udes.jpg","contentUrl":"https:\/\/www.lateandes.com\/late\/wp-content\/uploads\/2022\/07\/integracion-andino3d-universidad-de-santander-udes.jpg","width":1080,"height":1080},{"@type":"BreadcrumbList","@id":"https:\/\/www.lateandes.com\/en\/integracion-en-los-modelos-estructurales-del-mundo-con-andino3d-udes-universidad-de-santander\/#breadcrumb","itemListElement":[{"@type":"ListItem","position":1,"name":"Portada","item":"https:\/\/www.lateandes.com\/en\/"},{"@type":"ListItem","position":2,"name":"Integraci\u00f3n en los modelos estructurales del mundo con Andino3D. UDES Universidad de Santander"}]},{"@type":"WebSite","@id":"https:\/\/www.lateandes.com\/en\/#website","url":"https:\/\/www.lateandes.com\/en\/","name":"LA.TE. ANDES S.A.","description":"Geo-thermochronology Lab","publisher":{"@id":"https:\/\/www.lateandes.com\/en\/#organization"},"potentialAction":[{"@type":"SearchAction","target":{"@type":"EntryPoint","urlTemplate":"https:\/\/www.lateandes.com\/en\/?s={search_term_string}"},"query-input":{"@type":"PropertyValueSpecification","valueRequired":true,"valueName":"search_term_string"}}],"inLanguage":"en-US"},{"@type":"Organization","@id":"https:\/\/www.lateandes.com\/en\/#organization","name":"LA.TE. ANDES S.A.","url":"https:\/\/www.lateandes.com\/en\/","logo":{"@type":"ImageObject","inLanguage":"en-US","@id":"https:\/\/www.lateandes.com\/en\/#\/schema\/logo\/image\/","url":"https:\/\/www.lateandes.com\/late\/wp-content\/uploads\/2024\/05\/logo-lateandes-redes-iso-ALT.jpg","contentUrl":"https:\/\/www.lateandes.com\/late\/wp-content\/uploads\/2024\/05\/logo-lateandes-redes-iso-ALT.jpg","width":512,"height":512,"caption":"LA.TE. ANDES S.A."},"image":{"@id":"https:\/\/www.lateandes.com\/en\/#\/schema\/logo\/image\/"}},{"@type":"Person","@id":"https:\/\/www.lateandes.com\/en\/#\/schema\/person\/884dcfb7ca3382fb26fecb065725ef46","name":"Prensa La.Te. Andes","image":{"@type":"ImageObject","inLanguage":"en-US","@id":"https:\/\/secure.gravatar.com\/avatar\/62294bb15c68195f20fadd3d4b4b870c013318441514478bf12fcd3fc56fa649?s=96&d=mm&r=g","url":"https:\/\/secure.gravatar.com\/avatar\/62294bb15c68195f20fadd3d4b4b870c013318441514478bf12fcd3fc56fa649?s=96&d=mm&r=g","contentUrl":"https:\/\/secure.gravatar.com\/avatar\/62294bb15c68195f20fadd3d4b4b870c013318441514478bf12fcd3fc56fa649?s=96&d=mm&r=g","caption":"Prensa La.Te. Andes"}}]}},"_links":{"self":[{"href":"https:\/\/www.lateandes.com\/en\/wp-json\/wp\/v2\/posts\/5005","targetHints":{"allow":["GET"]}}],"collection":[{"href":"https:\/\/www.lateandes.com\/en\/wp-json\/wp\/v2\/posts"}],"about":[{"href":"https:\/\/www.lateandes.com\/en\/wp-json\/wp\/v2\/types\/post"}],"author":[{"embeddable":true,"href":"https:\/\/www.lateandes.com\/en\/wp-json\/wp\/v2\/users\/18"}],"replies":[{"embeddable":true,"href":"https:\/\/www.lateandes.com\/en\/wp-json\/wp\/v2\/comments?post=5005"}],"version-history":[{"count":1,"href":"https:\/\/www.lateandes.com\/en\/wp-json\/wp\/v2\/posts\/5005\/revisions"}],"predecessor-version":[{"id":5008,"href":"https:\/\/www.lateandes.com\/en\/wp-json\/wp\/v2\/posts\/5005\/revisions\/5008"}],"wp:featuredmedia":[{"embeddable":true,"href":"https:\/\/www.lateandes.com\/en\/wp-json\/wp\/v2\/media\/5006"}],"wp:attachment":[{"href":"https:\/\/www.lateandes.com\/en\/wp-json\/wp\/v2\/media?parent=5005"}],"wp:term":[{"taxonomy":"category","embeddable":true,"href":"https:\/\/www.lateandes.com\/en\/wp-json\/wp\/v2\/categories?post=5005"},{"taxonomy":"post_tag","embeddable":true,"href":"https:\/\/www.lateandes.com\/en\/wp-json\/wp\/v2\/tags?post=5005"}],"curies":[{"name":"wp","href":"https:\/\/api.w.org\/{rel}","templated":true}]}}