{"id":4871,"date":"2021-11-27T19:40:00","date_gmt":"2021-11-27T22:40:00","guid":{"rendered":"https:\/\/www.lateandes.com\/?p=4871"},"modified":"2023-05-16T16:07:57","modified_gmt":"2023-05-16T19:07:57","slug":"congreso-internacional-industria-4-0","status":"publish","type":"post","link":"https:\/\/www.lateandes.com\/en\/congreso-internacional-industria-4-0\/","title":{"rendered":"Congreso Internacional Industria 4.0"},"content":{"rendered":"\n<p>Participamos del 4\u00b0 Congreso Internacional Industria 4.0 2021. El Presidente de LA.TE. ANDES, Roberto Hernandez, brind\u00f3 su conferencia &#8220;Salta: Econom\u00eda del conocimiento como herramienta de aproximaci\u00f3n a la i4.0. Escalando la matriz productiva pyme&#8221;, presentando el grupo empresario (junto a GEOMAP &#8211; CONICET), sus logros y objetivos en la comunidad cient\u00edfica.<\/p>\n\n\n\n<p>\u00a1Muchas gracias a los organizadores por la invitaci\u00f3n!\u00a0<\/p>\n","protected":false},"excerpt":{"rendered":"<p>Participamos del 4\u00b0 Congreso Internacional Industria 4.0 2021. El Presidente de LA.TE. ANDES, Roberto Hernandez, brind\u00f3 su conferencia &#8220;Salta: Econom\u00eda del conocimiento como herramienta de aproximaci\u00f3n a la i4.0. Escalando la matriz productiva pyme&#8221;, presentando el grupo empresario (junto a GEOMAP &#8211; CONICET), sus logros y objetivos en la comunidad cient\u00edfica. \u00a1Muchas gracias a los&#8230;<\/p>\n","protected":false},"author":18,"featured_media":4872,"comment_status":"closed","ping_status":"closed","sticky":false,"template":"","format":"standard","meta":{"footnotes":""},"categories":[2],"tags":[26],"class_list":["post-4871","post","type-post","status-publish","format-standard","has-post-thumbnail","hentry","category-noticias","tag-congreso"],"yoast_head":"<!-- This site is optimized with the Yoast SEO plugin v27.5 - https:\/\/yoast.com\/product\/yoast-seo-wordpress\/ -->\n<title>Congreso Internacional Industria 4.0 - LA.TE. ANDES S.A.<\/title>\n<meta name=\"description\" content=\"Participamos del 4\u00b0 Congreso Internacional Industria 4.0 2021 con &quot;Salta: Econom\u00eda del conocimiento como herramienta de aproximaci\u00f3n a la i4.0&quot;\" \/>\n<meta name=\"robots\" content=\"index, follow, max-snippet:-1, max-image-preview:large, max-video-preview:-1\" \/>\n<link rel=\"canonical\" href=\"https:\/\/www.lateandes.com\/en\/congreso-internacional-industria-4-0\/\" \/>\n<meta property=\"og:locale\" content=\"en_US\" \/>\n<meta property=\"og:type\" content=\"article\" \/>\n<meta property=\"og:title\" content=\"Congreso Internacional Industria 4.0 - LA.TE. ANDES S.A.\" \/>\n<meta property=\"og:description\" content=\"Participamos del 4\u00b0 Congreso Internacional Industria 4.0 2021 con &quot;Salta: Econom\u00eda del conocimiento como herramienta de aproximaci\u00f3n a la i4.0&quot;\" \/>\n<meta property=\"og:url\" content=\"https:\/\/www.lateandes.com\/en\/congreso-internacional-industria-4-0\/\" \/>\n<meta property=\"og:site_name\" content=\"LA.TE. ANDES S.A.\" \/>\n<meta property=\"article:published_time\" content=\"2021-11-27T22:40:00+00:00\" \/>\n<meta property=\"article:modified_time\" content=\"2023-05-16T19:07:57+00:00\" \/>\n<meta property=\"og:image\" content=\"https:\/\/www.lateandes.com\/late\/wp-content\/uploads\/2021\/12\/congreso-internacional-industria-4-0.jpg\" \/>\n\t<meta property=\"og:image:width\" content=\"1025\" \/>\n\t<meta property=\"og:image:height\" content=\"683\" \/>\n\t<meta property=\"og:image:type\" content=\"image\/jpeg\" \/>\n<meta name=\"author\" content=\"Prensa La.Te. Andes\" \/>\n<meta name=\"twitter:card\" content=\"summary_large_image\" \/>\n<meta name=\"twitter:label1\" content=\"Written by\" \/>\n\t<meta name=\"twitter:data1\" content=\"Prensa La.Te. Andes\" \/>\n\t<meta name=\"twitter:label2\" content=\"Est. reading time\" \/>\n\t<meta name=\"twitter:data2\" content=\"1 minute\" \/>\n<!-- \/ Yoast SEO plugin. -->","yoast_head_json":{"title":"Congreso Internacional Industria 4.0 - LA.TE. ANDES S.A.","description":"Participamos del 4\u00b0 Congreso Internacional Industria 4.0 2021 con \"Salta: Econom\u00eda del conocimiento como herramienta de aproximaci\u00f3n a la i4.0\"","robots":{"index":"index","follow":"follow","max-snippet":"max-snippet:-1","max-image-preview":"max-image-preview:large","max-video-preview":"max-video-preview:-1"},"canonical":"https:\/\/www.lateandes.com\/en\/congreso-internacional-industria-4-0\/","og_locale":"en_US","og_type":"article","og_title":"Congreso Internacional Industria 4.0 - LA.TE. ANDES S.A.","og_description":"Participamos del 4\u00b0 Congreso Internacional Industria 4.0 2021 con \"Salta: Econom\u00eda del conocimiento como herramienta de aproximaci\u00f3n a la i4.0\"","og_url":"https:\/\/www.lateandes.com\/en\/congreso-internacional-industria-4-0\/","og_site_name":"LA.TE. ANDES S.A.","article_published_time":"2021-11-27T22:40:00+00:00","article_modified_time":"2023-05-16T19:07:57+00:00","og_image":[{"width":1025,"height":683,"url":"https:\/\/www.lateandes.com\/late\/wp-content\/uploads\/2021\/12\/congreso-internacional-industria-4-0.jpg","type":"image\/jpeg"}],"author":"Prensa La.Te. Andes","twitter_card":"summary_large_image","twitter_misc":{"Written by":"Prensa La.Te. Andes","Est. reading time":"1 minute"},"schema":{"@context":"https:\/\/schema.org","@graph":[{"@type":"Article","@id":"https:\/\/www.lateandes.com\/en\/congreso-internacional-industria-4-0\/#article","isPartOf":{"@id":"https:\/\/www.lateandes.com\/en\/congreso-internacional-industria-4-0\/"},"author":{"name":"Prensa La.Te. Andes","@id":"https:\/\/www.lateandes.com\/en\/#\/schema\/person\/884dcfb7ca3382fb26fecb065725ef46"},"headline":"Congreso Internacional Industria 4.0","datePublished":"2021-11-27T22:40:00+00:00","dateModified":"2023-05-16T19:07:57+00:00","mainEntityOfPage":{"@id":"https:\/\/www.lateandes.com\/en\/congreso-internacional-industria-4-0\/"},"wordCount":64,"publisher":{"@id":"https:\/\/www.lateandes.com\/en\/#organization"},"image":{"@id":"https:\/\/www.lateandes.com\/en\/congreso-internacional-industria-4-0\/#primaryimage"},"thumbnailUrl":"https:\/\/www.lateandes.com\/late\/wp-content\/uploads\/2021\/12\/congreso-internacional-industria-4-0.jpg","keywords":["congreso"],"articleSection":["Noticias"],"inLanguage":"en-US"},{"@type":"WebPage","@id":"https:\/\/www.lateandes.com\/en\/congreso-internacional-industria-4-0\/","url":"https:\/\/www.lateandes.com\/en\/congreso-internacional-industria-4-0\/","name":"Congreso Internacional Industria 4.0 - LA.TE. ANDES S.A.","isPartOf":{"@id":"https:\/\/www.lateandes.com\/en\/#website"},"primaryImageOfPage":{"@id":"https:\/\/www.lateandes.com\/en\/congreso-internacional-industria-4-0\/#primaryimage"},"image":{"@id":"https:\/\/www.lateandes.com\/en\/congreso-internacional-industria-4-0\/#primaryimage"},"thumbnailUrl":"https:\/\/www.lateandes.com\/late\/wp-content\/uploads\/2021\/12\/congreso-internacional-industria-4-0.jpg","datePublished":"2021-11-27T22:40:00+00:00","dateModified":"2023-05-16T19:07:57+00:00","description":"Participamos del 4\u00b0 Congreso Internacional Industria 4.0 2021 con \"Salta: Econom\u00eda del conocimiento como herramienta de aproximaci\u00f3n a la i4.0\"","breadcrumb":{"@id":"https:\/\/www.lateandes.com\/en\/congreso-internacional-industria-4-0\/#breadcrumb"},"inLanguage":"en-US","potentialAction":[{"@type":"ReadAction","target":["https:\/\/www.lateandes.com\/en\/congreso-internacional-industria-4-0\/"]}]},{"@type":"ImageObject","inLanguage":"en-US","@id":"https:\/\/www.lateandes.com\/en\/congreso-internacional-industria-4-0\/#primaryimage","url":"https:\/\/www.lateandes.com\/late\/wp-content\/uploads\/2021\/12\/congreso-internacional-industria-4-0.jpg","contentUrl":"https:\/\/www.lateandes.com\/late\/wp-content\/uploads\/2021\/12\/congreso-internacional-industria-4-0.jpg","width":1025,"height":683},{"@type":"BreadcrumbList","@id":"https:\/\/www.lateandes.com\/en\/congreso-internacional-industria-4-0\/#breadcrumb","itemListElement":[{"@type":"ListItem","position":1,"name":"Portada","item":"https:\/\/www.lateandes.com\/en\/"},{"@type":"ListItem","position":2,"name":"Congreso Internacional Industria 4.0"}]},{"@type":"WebSite","@id":"https:\/\/www.lateandes.com\/en\/#website","url":"https:\/\/www.lateandes.com\/en\/","name":"LA.TE. ANDES S.A.","description":"Geo-thermochronology Lab","publisher":{"@id":"https:\/\/www.lateandes.com\/en\/#organization"},"potentialAction":[{"@type":"SearchAction","target":{"@type":"EntryPoint","urlTemplate":"https:\/\/www.lateandes.com\/en\/?s={search_term_string}"},"query-input":{"@type":"PropertyValueSpecification","valueRequired":true,"valueName":"search_term_string"}}],"inLanguage":"en-US"},{"@type":"Organization","@id":"https:\/\/www.lateandes.com\/en\/#organization","name":"LA.TE. ANDES S.A.","url":"https:\/\/www.lateandes.com\/en\/","logo":{"@type":"ImageObject","inLanguage":"en-US","@id":"https:\/\/www.lateandes.com\/en\/#\/schema\/logo\/image\/","url":"https:\/\/www.lateandes.com\/late\/wp-content\/uploads\/2024\/05\/logo-lateandes-redes-iso-ALT.jpg","contentUrl":"https:\/\/www.lateandes.com\/late\/wp-content\/uploads\/2024\/05\/logo-lateandes-redes-iso-ALT.jpg","width":512,"height":512,"caption":"LA.TE. ANDES S.A."},"image":{"@id":"https:\/\/www.lateandes.com\/en\/#\/schema\/logo\/image\/"}},{"@type":"Person","@id":"https:\/\/www.lateandes.com\/en\/#\/schema\/person\/884dcfb7ca3382fb26fecb065725ef46","name":"Prensa La.Te. Andes","image":{"@type":"ImageObject","inLanguage":"en-US","@id":"https:\/\/secure.gravatar.com\/avatar\/62294bb15c68195f20fadd3d4b4b870c013318441514478bf12fcd3fc56fa649?s=96&d=mm&r=g","url":"https:\/\/secure.gravatar.com\/avatar\/62294bb15c68195f20fadd3d4b4b870c013318441514478bf12fcd3fc56fa649?s=96&d=mm&r=g","contentUrl":"https:\/\/secure.gravatar.com\/avatar\/62294bb15c68195f20fadd3d4b4b870c013318441514478bf12fcd3fc56fa649?s=96&d=mm&r=g","caption":"Prensa La.Te. Andes"}}]}},"_links":{"self":[{"href":"https:\/\/www.lateandes.com\/en\/wp-json\/wp\/v2\/posts\/4871","targetHints":{"allow":["GET"]}}],"collection":[{"href":"https:\/\/www.lateandes.com\/en\/wp-json\/wp\/v2\/posts"}],"about":[{"href":"https:\/\/www.lateandes.com\/en\/wp-json\/wp\/v2\/types\/post"}],"author":[{"embeddable":true,"href":"https:\/\/www.lateandes.com\/en\/wp-json\/wp\/v2\/users\/18"}],"replies":[{"embeddable":true,"href":"https:\/\/www.lateandes.com\/en\/wp-json\/wp\/v2\/comments?post=4871"}],"version-history":[{"count":1,"href":"https:\/\/www.lateandes.com\/en\/wp-json\/wp\/v2\/posts\/4871\/revisions"}],"predecessor-version":[{"id":4874,"href":"https:\/\/www.lateandes.com\/en\/wp-json\/wp\/v2\/posts\/4871\/revisions\/4874"}],"wp:featuredmedia":[{"embeddable":true,"href":"https:\/\/www.lateandes.com\/en\/wp-json\/wp\/v2\/media\/4872"}],"wp:attachment":[{"href":"https:\/\/www.lateandes.com\/en\/wp-json\/wp\/v2\/media?parent=4871"}],"wp:term":[{"taxonomy":"category","embeddable":true,"href":"https:\/\/www.lateandes.com\/en\/wp-json\/wp\/v2\/categories?post=4871"},{"taxonomy":"post_tag","embeddable":true,"href":"https:\/\/www.lateandes.com\/en\/wp-json\/wp\/v2\/tags?post=4871"}],"curies":[{"name":"wp","href":"https:\/\/api.w.org\/{rel}","templated":true}]}}