{"id":4827,"date":"2021-10-27T14:00:05","date_gmt":"2021-10-27T17:00:05","guid":{"rendered":"https:\/\/www.lateandes.com\/?p=4827"},"modified":"2021-10-27T17:46:35","modified_gmt":"2021-10-27T20:46:35","slug":"autoridades-nacionales-y-provinciales-visitan-el-centro-tecnologico-la-te-andes","status":"publish","type":"post","link":"https:\/\/www.lateandes.com\/en\/autoridades-nacionales-y-provinciales-visitan-el-centro-tecnologico-la-te-andes\/","title":{"rendered":"Autoridades nacionales y provinciales visitan el Centro Tecnol\u00f3gico LA.TE. ANDES"},"content":{"rendered":"\n<p>El d\u00eda martes 26 de octubre recibimos en las instalaciones de LA.TE. ANDES S.A. la visita de una importante comitiva compuesta por funcionarios nacionales, directivos de organismos y autoridades provinciales,<\/p>\n\n\n\n<ul class=\"wp-block-list\"><li>Daniel Filmus (Ministro de Ciencia, Tecnolog\u00eda e Innovaci\u00f3n de la Naci\u00f3n Argentina)<\/li><li>Ana Franchi (Presidenta CONICET)<\/li><li>Fernando Peirano (Presidente de la Agencia Nacional de Promoci\u00f3n de la Investigaci\u00f3n, el Desarrollo Tecnol\u00f3gico y la Innovaci\u00f3n)<\/li><li>Adriana Serquis (Presidenta Comisi\u00f3n Nacional de Energ\u00eda At\u00f3mica, CNEA)<\/li><li>Sandra Torrusio (Gerente de Vinculaci\u00f3n Tecnol\u00f3gica Comisi\u00f3n Nacional de Actividades Espaciales, CONAE)<\/li><li>Juan Pablo Paz (Secretario de Articulaci\u00f3n Cient\u00edfico Tecnol\u00f3gica de MINCYT)<\/li><li>Gonzalo Bragunde Vargas (Asistente Secretar\u00eda de Articulaci\u00f3n)<\/li><li>Lisandro Saban\u00e9s (Director de Prensa)<\/li><li>Sergio Romano (Gerente de Vinculaci\u00f3n Tecnol\u00f3gica CONICET)<\/li><li>Pablo N\u00fa\u00f1ez (Subsecretario de Coordinaci\u00f3n Institucional de MINCYT)<\/li><li>Mat\u00edas Canepa (Ministro de Educaci\u00f3n, Cultura, Ciencia y Tecnolog\u00eda de la Provincia de Salta)<\/li><li>Martin G\u00fcemes (Secretario de Modernizaci\u00f3n)<\/li><li>Gonzalo Quilodr\u00e1n (ENACOM)<\/li><li>Juan Ferrer (Relaciones Institucionales CNEA)<\/li><li>Juan Baruj (CNEA)<\/li><li>Anal\u00eda Garc\u00eda<\/li><li>Luciano Gilard\u00f3n (SS de Energ\u00eda El\u00e9ctrica)<\/li><\/ul>\n\n\n\n<p>Los funcionarios recorrieron las instalaciones del laboratorio en visita guiada por personal de la instituci\u00f3n, participando adem\u00e1s de una presentaci\u00f3n detallada de los logros y perspectivas de la empresa a cargo del Lic. Roberto M. Hern\u00e1ndez, Presidente de LA.TE. ANDES S.A.<\/p>\n\n\n\n<p>La presentaci\u00f3n desarrollada bajo el t\u00edtulo \u201cLA.TE. ANDES, Proyecto Integral Privado-P\u00fablico. Una forma de Unidad (Simbiosis)\u201d detall\u00f3 la ejecutividad econ\u00f3mico-temporal del Proyecto CENTEC 005 del Fondo Tecnol\u00f3gico Argentino (FONTAR) bajo el cual se gener\u00f3 LA.TE. ANDES S.A como empresa mixta. Por otro lado, se desarrollaron las caracter\u00edsticas de las Unidades Productivas actuales de la empresa: Cron.Ar, Cri.Ar y Andino 3D, las futuras l\u00edneas de I+D vinculadas a sistemas productivos, y los emprendimientos comerciales a futuro derivados a modo de spin-offs.<\/p>\n\n\n\n<p>Es importante destacar que LA.TE. ANDES S.A. es un proyecto seleccionado por la Agencia Nacional de Promoci\u00f3n Cient\u00edfica y Tecnol\u00f3gica en la convocatoria CENTEC 005 del a\u00f1o 2014, declarado \u201ccaso de \u00e9xito\u201d, por cumplir en tiempo y forma con todos los objetivos planteados (construcci\u00f3n del edificio del laboratorio, adquisici\u00f3n e instalaci\u00f3n del equipamiento, capacitaci\u00f3n de los recursos humanos, certificaci\u00f3n de entidades internacionales).<\/p>\n\n\n\n<figure class=\"wp-block-gallery columns-4 is-cropped wp-block-gallery-1 is-layout-flex wp-block-gallery-is-layout-flex\"><ul class=\"blocks-gallery-grid\"><li class=\"blocks-gallery-item\"><figure><a ref=\"magnificPopup\" href=\"https:\/\/www.lateandes.com\/late\/wp-content\/uploads\/2021\/10\/Visitas-La.Te_.Andes-oct-2021-04.jpg\"><img fetchpriority=\"high\" decoding=\"async\" width=\"1024\" height=\"683\" src=\"https:\/\/www.lateandes.com\/late\/wp-content\/uploads\/2021\/10\/Visitas-La.Te_.Andes-oct-2021-04.jpg\" alt=\"\" data-id=\"4835\" data-full-url=\"https:\/\/www.lateandes.com\/late\/wp-content\/uploads\/2021\/10\/Visitas-La.Te_.Andes-oct-2021-04.jpg\" data-link=\"https:\/\/www.lateandes.com\/visitas-la-te-andes-oct-2021-04\/\" class=\"wp-image-4835\" srcset=\"https:\/\/www.lateandes.com\/late\/wp-content\/uploads\/2021\/10\/Visitas-La.Te_.Andes-oct-2021-04.jpg 1024w, https:\/\/www.lateandes.com\/late\/wp-content\/uploads\/2021\/10\/Visitas-La.Te_.Andes-oct-2021-04-300x200.jpg 300w, https:\/\/www.lateandes.com\/late\/wp-content\/uploads\/2021\/10\/Visitas-La.Te_.Andes-oct-2021-04-600x400.jpg 600w, https:\/\/www.lateandes.com\/late\/wp-content\/uploads\/2021\/10\/Visitas-La.Te_.Andes-oct-2021-04-768x512.jpg 768w\" sizes=\"(max-width: 1024px) 100vw, 1024px\" \/><\/a><\/figure><\/li><li class=\"blocks-gallery-item\"><figure><a ref=\"magnificPopup\" href=\"https:\/\/www.lateandes.com\/late\/wp-content\/uploads\/2021\/10\/Visitas-La.Te_.Andes-oct-2021-06.jpg\"><img decoding=\"async\" width=\"1024\" height=\"683\" src=\"https:\/\/www.lateandes.com\/late\/wp-content\/uploads\/2021\/10\/Visitas-La.Te_.Andes-oct-2021-06.jpg\" alt=\"\" data-id=\"4839\" data-full-url=\"https:\/\/www.lateandes.com\/late\/wp-content\/uploads\/2021\/10\/Visitas-La.Te_.Andes-oct-2021-06.jpg\" data-link=\"https:\/\/www.lateandes.com\/visitas-la-te-andes-oct-2021-06\/\" class=\"wp-image-4839\" srcset=\"https:\/\/www.lateandes.com\/late\/wp-content\/uploads\/2021\/10\/Visitas-La.Te_.Andes-oct-2021-06.jpg 1024w, https:\/\/www.lateandes.com\/late\/wp-content\/uploads\/2021\/10\/Visitas-La.Te_.Andes-oct-2021-06-300x200.jpg 300w, https:\/\/www.lateandes.com\/late\/wp-content\/uploads\/2021\/10\/Visitas-La.Te_.Andes-oct-2021-06-600x400.jpg 600w, https:\/\/www.lateandes.com\/late\/wp-content\/uploads\/2021\/10\/Visitas-La.Te_.Andes-oct-2021-06-768x512.jpg 768w\" sizes=\"(max-width: 1024px) 100vw, 1024px\" \/><\/a><\/figure><\/li><li class=\"blocks-gallery-item\"><figure><a ref=\"magnificPopup\" href=\"https:\/\/www.lateandes.com\/late\/wp-content\/uploads\/2021\/10\/Visitas-La.Te_.Andes-oct-2021-03.jpg\"><img decoding=\"async\" width=\"1024\" height=\"683\" src=\"https:\/\/www.lateandes.com\/late\/wp-content\/uploads\/2021\/10\/Visitas-La.Te_.Andes-oct-2021-03.jpg\" alt=\"\" data-id=\"4833\" data-full-url=\"https:\/\/www.lateandes.com\/late\/wp-content\/uploads\/2021\/10\/Visitas-La.Te_.Andes-oct-2021-03.jpg\" data-link=\"https:\/\/www.lateandes.com\/visitas-la-te-andes-oct-2021-03\/\" class=\"wp-image-4833\" srcset=\"https:\/\/www.lateandes.com\/late\/wp-content\/uploads\/2021\/10\/Visitas-La.Te_.Andes-oct-2021-03.jpg 1024w, https:\/\/www.lateandes.com\/late\/wp-content\/uploads\/2021\/10\/Visitas-La.Te_.Andes-oct-2021-03-300x200.jpg 300w, https:\/\/www.lateandes.com\/late\/wp-content\/uploads\/2021\/10\/Visitas-La.Te_.Andes-oct-2021-03-600x400.jpg 600w, https:\/\/www.lateandes.com\/late\/wp-content\/uploads\/2021\/10\/Visitas-La.Te_.Andes-oct-2021-03-768x512.jpg 768w\" sizes=\"(max-width: 1024px) 100vw, 1024px\" \/><\/a><\/figure><\/li><li class=\"blocks-gallery-item\"><figure><a ref=\"magnificPopup\" href=\"https:\/\/www.lateandes.com\/late\/wp-content\/uploads\/2021\/10\/Visitas-La.Te_.Andes-oct-2021-07.jpg\"><img loading=\"lazy\" decoding=\"async\" width=\"1024\" height=\"683\" src=\"https:\/\/www.lateandes.com\/late\/wp-content\/uploads\/2021\/10\/Visitas-La.Te_.Andes-oct-2021-07.jpg\" alt=\"\" data-id=\"4841\" data-full-url=\"https:\/\/www.lateandes.com\/late\/wp-content\/uploads\/2021\/10\/Visitas-La.Te_.Andes-oct-2021-07.jpg\" data-link=\"https:\/\/www.lateandes.com\/visitas-la-te-andes-oct-2021-07\/\" class=\"wp-image-4841\" srcset=\"https:\/\/www.lateandes.com\/late\/wp-content\/uploads\/2021\/10\/Visitas-La.Te_.Andes-oct-2021-07.jpg 1024w, https:\/\/www.lateandes.com\/late\/wp-content\/uploads\/2021\/10\/Visitas-La.Te_.Andes-oct-2021-07-300x200.jpg 300w, https:\/\/www.lateandes.com\/late\/wp-content\/uploads\/2021\/10\/Visitas-La.Te_.Andes-oct-2021-07-600x400.jpg 600w, https:\/\/www.lateandes.com\/late\/wp-content\/uploads\/2021\/10\/Visitas-La.Te_.Andes-oct-2021-07-768x512.jpg 768w\" sizes=\"(max-width: 1024px) 100vw, 1024px\" \/><\/a><\/figure><\/li><li class=\"blocks-gallery-item\"><figure><a ref=\"magnificPopup\" href=\"https:\/\/www.lateandes.com\/late\/wp-content\/uploads\/2021\/10\/Visitas-La.Te_.Andes-oct-2021-05.jpg\"><img loading=\"lazy\" decoding=\"async\" width=\"1024\" height=\"683\" src=\"https:\/\/www.lateandes.com\/late\/wp-content\/uploads\/2021\/10\/Visitas-La.Te_.Andes-oct-2021-05.jpg\" alt=\"\" data-id=\"4837\" data-full-url=\"https:\/\/www.lateandes.com\/late\/wp-content\/uploads\/2021\/10\/Visitas-La.Te_.Andes-oct-2021-05.jpg\" data-link=\"https:\/\/www.lateandes.com\/visitas-la-te-andes-oct-2021-05\/\" class=\"wp-image-4837\" srcset=\"https:\/\/www.lateandes.com\/late\/wp-content\/uploads\/2021\/10\/Visitas-La.Te_.Andes-oct-2021-05.jpg 1024w, https:\/\/www.lateandes.com\/late\/wp-content\/uploads\/2021\/10\/Visitas-La.Te_.Andes-oct-2021-05-300x200.jpg 300w, https:\/\/www.lateandes.com\/late\/wp-content\/uploads\/2021\/10\/Visitas-La.Te_.Andes-oct-2021-05-600x400.jpg 600w, https:\/\/www.lateandes.com\/late\/wp-content\/uploads\/2021\/10\/Visitas-La.Te_.Andes-oct-2021-05-768x512.jpg 768w\" sizes=\"(max-width: 1024px) 100vw, 1024px\" \/><\/a><\/figure><\/li><li class=\"blocks-gallery-item\"><figure><a ref=\"magnificPopup\" href=\"https:\/\/www.lateandes.com\/late\/wp-content\/uploads\/2021\/10\/Visitas-La.Te_.Andes-oct-2021-01.jpg\"><img loading=\"lazy\" decoding=\"async\" width=\"1024\" height=\"683\" src=\"https:\/\/www.lateandes.com\/late\/wp-content\/uploads\/2021\/10\/Visitas-La.Te_.Andes-oct-2021-01.jpg\" alt=\"\" data-id=\"4829\" data-full-url=\"https:\/\/www.lateandes.com\/late\/wp-content\/uploads\/2021\/10\/Visitas-La.Te_.Andes-oct-2021-01.jpg\" data-link=\"https:\/\/www.lateandes.com\/visitas-la-te-andes-oct-2021-01\/\" class=\"wp-image-4829\" srcset=\"https:\/\/www.lateandes.com\/late\/wp-content\/uploads\/2021\/10\/Visitas-La.Te_.Andes-oct-2021-01.jpg 1024w, https:\/\/www.lateandes.com\/late\/wp-content\/uploads\/2021\/10\/Visitas-La.Te_.Andes-oct-2021-01-300x200.jpg 300w, https:\/\/www.lateandes.com\/late\/wp-content\/uploads\/2021\/10\/Visitas-La.Te_.Andes-oct-2021-01-600x400.jpg 600w, https:\/\/www.lateandes.com\/late\/wp-content\/uploads\/2021\/10\/Visitas-La.Te_.Andes-oct-2021-01-768x512.jpg 768w\" sizes=\"(max-width: 1024px) 100vw, 1024px\" \/><\/a><\/figure><\/li><li class=\"blocks-gallery-item\"><figure><a ref=\"magnificPopup\" href=\"https:\/\/www.lateandes.com\/late\/wp-content\/uploads\/2021\/10\/Visitas-La.Te_.Andes-oct-2021-02.jpg\"><img loading=\"lazy\" decoding=\"async\" width=\"1024\" height=\"683\" src=\"https:\/\/www.lateandes.com\/late\/wp-content\/uploads\/2021\/10\/Visitas-La.Te_.Andes-oct-2021-02.jpg\" alt=\"\" data-id=\"4831\" data-full-url=\"https:\/\/www.lateandes.com\/late\/wp-content\/uploads\/2021\/10\/Visitas-La.Te_.Andes-oct-2021-02.jpg\" data-link=\"https:\/\/www.lateandes.com\/visitas-la-te-andes-oct-2021-02\/\" class=\"wp-image-4831\" srcset=\"https:\/\/www.lateandes.com\/late\/wp-content\/uploads\/2021\/10\/Visitas-La.Te_.Andes-oct-2021-02.jpg 1024w, https:\/\/www.lateandes.com\/late\/wp-content\/uploads\/2021\/10\/Visitas-La.Te_.Andes-oct-2021-02-300x200.jpg 300w, https:\/\/www.lateandes.com\/late\/wp-content\/uploads\/2021\/10\/Visitas-La.Te_.Andes-oct-2021-02-600x400.jpg 600w, https:\/\/www.lateandes.com\/late\/wp-content\/uploads\/2021\/10\/Visitas-La.Te_.Andes-oct-2021-02-768x512.jpg 768w\" sizes=\"(max-width: 1024px) 100vw, 1024px\" \/><\/a><\/figure><\/li><li class=\"blocks-gallery-item\"><figure><a ref=\"magnificPopup\" href=\"https:\/\/www.lateandes.com\/late\/wp-content\/uploads\/2021\/10\/Visitas-La.Te_.Andes-oct-2021-08-1.jpg\"><img loading=\"lazy\" decoding=\"async\" width=\"350\" height=\"348\" src=\"https:\/\/www.lateandes.com\/late\/wp-content\/uploads\/2021\/10\/Visitas-La.Te_.Andes-oct-2021-08-1-350x348.jpg\" alt=\"\" data-id=\"4849\" data-full-url=\"https:\/\/www.lateandes.com\/late\/wp-content\/uploads\/2021\/10\/Visitas-La.Te_.Andes-oct-2021-08-1.jpg\" data-link=\"https:\/\/www.lateandes.com\/visitas-la-te-andes-oct-2021-08\/\" class=\"wp-image-4849\" srcset=\"https:\/\/www.lateandes.com\/late\/wp-content\/uploads\/2021\/10\/Visitas-La.Te_.Andes-oct-2021-08-1-350x348.jpg 350w, https:\/\/www.lateandes.com\/late\/wp-content\/uploads\/2021\/10\/Visitas-La.Te_.Andes-oct-2021-08-1-150x150.jpg 150w, https:\/\/www.lateandes.com\/late\/wp-content\/uploads\/2021\/10\/Visitas-La.Te_.Andes-oct-2021-08-1-100x100.jpg 100w\" sizes=\"(max-width: 350px) 100vw, 350px\" \/><\/a><\/figure><\/li><\/ul><\/figure>\n","protected":false},"excerpt":{"rendered":"<p>El d\u00eda martes 26 de octubre recibimos en las instalaciones de LA.TE. ANDES S.A. la visita de una importante comitiva compuesta por funcionarios nacionales, directivos de organismos y autoridades provinciales, Daniel Filmus (Ministro de Ciencia, Tecnolog\u00eda e Innovaci\u00f3n de la Naci\u00f3n Argentina) Ana Franchi (Presidenta CONICET) Fernando Peirano (Presidente de la Agencia Nacional de Promoci\u00f3n&#8230;<\/p>\n","protected":false},"author":18,"featured_media":4849,"comment_status":"closed","ping_status":"closed","sticky":false,"template":"","format":"standard","meta":{"footnotes":""},"categories":[2],"tags":[73],"class_list":["post-4827","post","type-post","status-publish","format-standard","has-post-thumbnail","hentry","category-noticias","tag-visita"],"yoast_head":"<!-- This site is optimized with the Yoast SEO plugin v27.5 - https:\/\/yoast.com\/product\/yoast-seo-wordpress\/ -->\n<title>Autoridades nacionales y provinciales visitan el Centro Tecnol\u00f3gico LA.TE. ANDES - LA.TE. ANDES S.A.<\/title>\n<meta name=\"description\" content=\"Recibimos en las instalaciones de LA.TE. ANDES S.A. la visita de funcionarios nacionales, directivos de organismos y autoridades provinciales.\" \/>\n<meta name=\"robots\" content=\"index, follow, max-snippet:-1, max-image-preview:large, max-video-preview:-1\" \/>\n<link rel=\"canonical\" href=\"https:\/\/www.lateandes.com\/en\/autoridades-nacionales-y-provinciales-visitan-el-centro-tecnologico-la-te-andes\/\" \/>\n<meta property=\"og:locale\" content=\"en_US\" \/>\n<meta property=\"og:type\" content=\"article\" \/>\n<meta property=\"og:title\" content=\"Autoridades nacionales y provinciales visitan el Centro Tecnol\u00f3gico LA.TE. ANDES - LA.TE. ANDES S.A.\" \/>\n<meta property=\"og:description\" content=\"Recibimos en las instalaciones de LA.TE. ANDES S.A. la visita de funcionarios nacionales, directivos de organismos y autoridades provinciales.\" \/>\n<meta property=\"og:url\" content=\"https:\/\/www.lateandes.com\/en\/autoridades-nacionales-y-provinciales-visitan-el-centro-tecnologico-la-te-andes\/\" \/>\n<meta property=\"og:site_name\" content=\"LA.TE. ANDES S.A.\" \/>\n<meta property=\"article:published_time\" content=\"2021-10-27T17:00:05+00:00\" \/>\n<meta property=\"article:modified_time\" content=\"2021-10-27T20:46:35+00:00\" \/>\n<meta property=\"og:image\" content=\"https:\/\/www.lateandes.com\/late\/wp-content\/uploads\/2021\/10\/Visitas-La.Te_.Andes-oct-2021-08-1.jpg\" \/>\n\t<meta property=\"og:image:width\" content=\"1024\" \/>\n\t<meta property=\"og:image:height\" content=\"683\" \/>\n\t<meta property=\"og:image:type\" content=\"image\/jpeg\" \/>\n<meta name=\"author\" content=\"Prensa La.Te. Andes\" \/>\n<meta name=\"twitter:card\" content=\"summary_large_image\" \/>\n<meta name=\"twitter:label1\" content=\"Written by\" \/>\n\t<meta name=\"twitter:data1\" content=\"Prensa La.Te. Andes\" \/>\n\t<meta name=\"twitter:label2\" content=\"Est. reading time\" \/>\n\t<meta name=\"twitter:data2\" content=\"4 minutes\" \/>\n<!-- \/ Yoast SEO plugin. -->","yoast_head_json":{"title":"Autoridades nacionales y provinciales visitan el Centro Tecnol\u00f3gico LA.TE. ANDES - LA.TE. ANDES S.A.","description":"Recibimos en las instalaciones de LA.TE. ANDES S.A. la visita de funcionarios nacionales, directivos de organismos y autoridades provinciales.","robots":{"index":"index","follow":"follow","max-snippet":"max-snippet:-1","max-image-preview":"max-image-preview:large","max-video-preview":"max-video-preview:-1"},"canonical":"https:\/\/www.lateandes.com\/en\/autoridades-nacionales-y-provinciales-visitan-el-centro-tecnologico-la-te-andes\/","og_locale":"en_US","og_type":"article","og_title":"Autoridades nacionales y provinciales visitan el Centro Tecnol\u00f3gico LA.TE. ANDES - LA.TE. ANDES S.A.","og_description":"Recibimos en las instalaciones de LA.TE. ANDES S.A. la visita de funcionarios nacionales, directivos de organismos y autoridades provinciales.","og_url":"https:\/\/www.lateandes.com\/en\/autoridades-nacionales-y-provinciales-visitan-el-centro-tecnologico-la-te-andes\/","og_site_name":"LA.TE. ANDES S.A.","article_published_time":"2021-10-27T17:00:05+00:00","article_modified_time":"2021-10-27T20:46:35+00:00","og_image":[{"width":1024,"height":683,"url":"https:\/\/www.lateandes.com\/late\/wp-content\/uploads\/2021\/10\/Visitas-La.Te_.Andes-oct-2021-08-1.jpg","type":"image\/jpeg"}],"author":"Prensa La.Te. Andes","twitter_card":"summary_large_image","twitter_misc":{"Written by":"Prensa La.Te. Andes","Est. reading time":"4 minutes"},"schema":{"@context":"https:\/\/schema.org","@graph":[{"@type":"Article","@id":"https:\/\/www.lateandes.com\/en\/autoridades-nacionales-y-provinciales-visitan-el-centro-tecnologico-la-te-andes\/#article","isPartOf":{"@id":"https:\/\/www.lateandes.com\/en\/autoridades-nacionales-y-provinciales-visitan-el-centro-tecnologico-la-te-andes\/"},"author":{"name":"Prensa La.Te. Andes","@id":"https:\/\/www.lateandes.com\/en\/#\/schema\/person\/884dcfb7ca3382fb26fecb065725ef46"},"headline":"Autoridades nacionales y provinciales visitan el Centro Tecnol\u00f3gico LA.TE. ANDES","datePublished":"2021-10-27T17:00:05+00:00","dateModified":"2021-10-27T20:46:35+00:00","mainEntityOfPage":{"@id":"https:\/\/www.lateandes.com\/en\/autoridades-nacionales-y-provinciales-visitan-el-centro-tecnologico-la-te-andes\/"},"wordCount":418,"publisher":{"@id":"https:\/\/www.lateandes.com\/en\/#organization"},"image":{"@id":"https:\/\/www.lateandes.com\/en\/autoridades-nacionales-y-provinciales-visitan-el-centro-tecnologico-la-te-andes\/#primaryimage"},"thumbnailUrl":"https:\/\/www.lateandes.com\/late\/wp-content\/uploads\/2021\/10\/Visitas-La.Te_.Andes-oct-2021-08-1.jpg","keywords":["visita"],"articleSection":["Noticias"],"inLanguage":"en-US"},{"@type":"WebPage","@id":"https:\/\/www.lateandes.com\/en\/autoridades-nacionales-y-provinciales-visitan-el-centro-tecnologico-la-te-andes\/","url":"https:\/\/www.lateandes.com\/en\/autoridades-nacionales-y-provinciales-visitan-el-centro-tecnologico-la-te-andes\/","name":"Autoridades nacionales y provinciales visitan el Centro Tecnol\u00f3gico LA.TE. ANDES - LA.TE. ANDES S.A.","isPartOf":{"@id":"https:\/\/www.lateandes.com\/en\/#website"},"primaryImageOfPage":{"@id":"https:\/\/www.lateandes.com\/en\/autoridades-nacionales-y-provinciales-visitan-el-centro-tecnologico-la-te-andes\/#primaryimage"},"image":{"@id":"https:\/\/www.lateandes.com\/en\/autoridades-nacionales-y-provinciales-visitan-el-centro-tecnologico-la-te-andes\/#primaryimage"},"thumbnailUrl":"https:\/\/www.lateandes.com\/late\/wp-content\/uploads\/2021\/10\/Visitas-La.Te_.Andes-oct-2021-08-1.jpg","datePublished":"2021-10-27T17:00:05+00:00","dateModified":"2021-10-27T20:46:35+00:00","description":"Recibimos en las instalaciones de LA.TE. ANDES S.A. la visita de funcionarios nacionales, directivos de organismos y autoridades provinciales.","breadcrumb":{"@id":"https:\/\/www.lateandes.com\/en\/autoridades-nacionales-y-provinciales-visitan-el-centro-tecnologico-la-te-andes\/#breadcrumb"},"inLanguage":"en-US","potentialAction":[{"@type":"ReadAction","target":["https:\/\/www.lateandes.com\/en\/autoridades-nacionales-y-provinciales-visitan-el-centro-tecnologico-la-te-andes\/"]}]},{"@type":"ImageObject","inLanguage":"en-US","@id":"https:\/\/www.lateandes.com\/en\/autoridades-nacionales-y-provinciales-visitan-el-centro-tecnologico-la-te-andes\/#primaryimage","url":"https:\/\/www.lateandes.com\/late\/wp-content\/uploads\/2021\/10\/Visitas-La.Te_.Andes-oct-2021-08-1.jpg","contentUrl":"https:\/\/www.lateandes.com\/late\/wp-content\/uploads\/2021\/10\/Visitas-La.Te_.Andes-oct-2021-08-1.jpg","width":1024,"height":683},{"@type":"BreadcrumbList","@id":"https:\/\/www.lateandes.com\/en\/autoridades-nacionales-y-provinciales-visitan-el-centro-tecnologico-la-te-andes\/#breadcrumb","itemListElement":[{"@type":"ListItem","position":1,"name":"Portada","item":"https:\/\/www.lateandes.com\/en\/"},{"@type":"ListItem","position":2,"name":"Autoridades nacionales y provinciales visitan el Centro Tecnol\u00f3gico LA.TE. ANDES"}]},{"@type":"WebSite","@id":"https:\/\/www.lateandes.com\/en\/#website","url":"https:\/\/www.lateandes.com\/en\/","name":"LA.TE. ANDES S.A.","description":"Geo-thermochronology Lab","publisher":{"@id":"https:\/\/www.lateandes.com\/en\/#organization"},"potentialAction":[{"@type":"SearchAction","target":{"@type":"EntryPoint","urlTemplate":"https:\/\/www.lateandes.com\/en\/?s={search_term_string}"},"query-input":{"@type":"PropertyValueSpecification","valueRequired":true,"valueName":"search_term_string"}}],"inLanguage":"en-US"},{"@type":"Organization","@id":"https:\/\/www.lateandes.com\/en\/#organization","name":"LA.TE. ANDES S.A.","url":"https:\/\/www.lateandes.com\/en\/","logo":{"@type":"ImageObject","inLanguage":"en-US","@id":"https:\/\/www.lateandes.com\/en\/#\/schema\/logo\/image\/","url":"https:\/\/www.lateandes.com\/late\/wp-content\/uploads\/2024\/05\/logo-lateandes-redes-iso-ALT.jpg","contentUrl":"https:\/\/www.lateandes.com\/late\/wp-content\/uploads\/2024\/05\/logo-lateandes-redes-iso-ALT.jpg","width":512,"height":512,"caption":"LA.TE. ANDES S.A."},"image":{"@id":"https:\/\/www.lateandes.com\/en\/#\/schema\/logo\/image\/"}},{"@type":"Person","@id":"https:\/\/www.lateandes.com\/en\/#\/schema\/person\/884dcfb7ca3382fb26fecb065725ef46","name":"Prensa La.Te. Andes","image":{"@type":"ImageObject","inLanguage":"en-US","@id":"https:\/\/secure.gravatar.com\/avatar\/62294bb15c68195f20fadd3d4b4b870c013318441514478bf12fcd3fc56fa649?s=96&d=mm&r=g","url":"https:\/\/secure.gravatar.com\/avatar\/62294bb15c68195f20fadd3d4b4b870c013318441514478bf12fcd3fc56fa649?s=96&d=mm&r=g","contentUrl":"https:\/\/secure.gravatar.com\/avatar\/62294bb15c68195f20fadd3d4b4b870c013318441514478bf12fcd3fc56fa649?s=96&d=mm&r=g","caption":"Prensa La.Te. Andes"}}]}},"_links":{"self":[{"href":"https:\/\/www.lateandes.com\/en\/wp-json\/wp\/v2\/posts\/4827","targetHints":{"allow":["GET"]}}],"collection":[{"href":"https:\/\/www.lateandes.com\/en\/wp-json\/wp\/v2\/posts"}],"about":[{"href":"https:\/\/www.lateandes.com\/en\/wp-json\/wp\/v2\/types\/post"}],"author":[{"embeddable":true,"href":"https:\/\/www.lateandes.com\/en\/wp-json\/wp\/v2\/users\/18"}],"replies":[{"embeddable":true,"href":"https:\/\/www.lateandes.com\/en\/wp-json\/wp\/v2\/comments?post=4827"}],"version-history":[{"count":3,"href":"https:\/\/www.lateandes.com\/en\/wp-json\/wp\/v2\/posts\/4827\/revisions"}],"predecessor-version":[{"id":4851,"href":"https:\/\/www.lateandes.com\/en\/wp-json\/wp\/v2\/posts\/4827\/revisions\/4851"}],"wp:featuredmedia":[{"embeddable":true,"href":"https:\/\/www.lateandes.com\/en\/wp-json\/wp\/v2\/media\/4849"}],"wp:attachment":[{"href":"https:\/\/www.lateandes.com\/en\/wp-json\/wp\/v2\/media?parent=4827"}],"wp:term":[{"taxonomy":"category","embeddable":true,"href":"https:\/\/www.lateandes.com\/en\/wp-json\/wp\/v2\/categories?post=4827"},{"taxonomy":"post_tag","embeddable":true,"href":"https:\/\/www.lateandes.com\/en\/wp-json\/wp\/v2\/tags?post=4827"}],"curies":[{"name":"wp","href":"https:\/\/api.w.org\/{rel}","templated":true}]}}