{"id":4824,"date":"2021-10-22T17:59:39","date_gmt":"2021-10-22T20:59:39","guid":{"rendered":"https:\/\/www.lateandes.com\/?p=4824"},"modified":"2021-10-23T08:20:45","modified_gmt":"2021-10-23T11:20:45","slug":"la-te-andes-en-el-xxiv-congreso-geologico-boliviano","status":"publish","type":"post","link":"https:\/\/www.lateandes.com\/en\/la-te-andes-en-el-xxiv-congreso-geologico-boliviano\/","title":{"rendered":"LA.TE. ANDES en el XXIV Congreso Geol\u00f3gico Boliviano"},"content":{"rendered":"\n<p>Entre los d\u00edas 20 y 22 de octubre, se realiz\u00f3 el XXIV Congreso Geol\u00f3gico Boliviano en modalidad mixta presencial (ciudad de La Paz) y virtual, organizado por el Colegio de Ge\u00f3logos de Bolivia (CGB).<\/p>\n\n\n\n<p>LA.TE. ANDES S.A., Grupo Empresario GEOMAP\/CONICET, particip\u00f3 de este prestigioso evento de geocientistas de impacto internacional como invitado en conferencia estelar y en la presentaci\u00f3n de trabajos cient\u00edficos en formato oral. En este sentido, se detalla la contribuci\u00f3n de nuestros profesionales:<\/p>\n\n\n\n<p><strong>Conferencia estelar. <\/strong>Presentaci\u00f3n de:<\/p>\n\n\n\n<p class=\"has-content-primary-color has-text-color\"><strong>Tiempo: una variable indispensable a determinar para el an\u00e1lisis cuantitativo de sistemas geol\u00f3gicos. El caso del Sistema Subandino Sur de Bolivia. Desarrollo metodol\u00f3gico integrado para disminuir el riesgo exploratorio.<\/strong><\/p>\n\n\n\n<p><strong>Contribuci\u00f3n de trabajos cient\u00edficos<\/strong>. Presentaci\u00f3n de:<\/p>\n\n\n\n<p class=\"has-content-primary-color has-text-color\"><strong>Termocron\u00f3metros m\u00faltiples aplicados al an\u00e1lisis cuantitativo de historias pre-Andinas: el Subandino Sur de Bolivia.<\/strong><\/p>\n\n\n\n<p><strong>LA.TE. ANDES agradece la invitaci\u00f3n del Colegio de Ge\u00f3logos de Bolivia (CGB) a participar del mencionado evento.<\/strong><\/p>\n","protected":false},"excerpt":{"rendered":"<p>Entre los d\u00edas 20 y 22 de octubre, se realiz\u00f3 el XXIV Congreso Geol\u00f3gico Boliviano en modalidad mixta presencial (ciudad de La Paz) y virtual, organizado por el Colegio de Ge\u00f3logos de Bolivia (CGB). LA.TE. ANDES S.A., Grupo Empresario GEOMAP\/CONICET, particip\u00f3 de este prestigioso evento de geocientistas de impacto internacional como invitado en conferencia estelar&#8230;<\/p>\n","protected":false},"author":18,"featured_media":4820,"comment_status":"closed","ping_status":"closed","sticky":false,"template":"","format":"standard","meta":{"footnotes":""},"categories":[2],"tags":[26],"class_list":["post-4824","post","type-post","status-publish","format-standard","has-post-thumbnail","hentry","category-noticias","tag-congreso"],"yoast_head":"<!-- This site is optimized with the Yoast SEO plugin v27.5 - https:\/\/yoast.com\/product\/yoast-seo-wordpress\/ -->\n<title>LA.TE. ANDES en el XXIV Congreso Geol\u00f3gico Boliviano - LA.TE. ANDES S.A.<\/title>\n<meta name=\"robots\" content=\"index, follow, max-snippet:-1, max-image-preview:large, max-video-preview:-1\" \/>\n<link rel=\"canonical\" href=\"https:\/\/www.lateandes.com\/en\/la-te-andes-en-el-xxiv-congreso-geologico-boliviano\/\" \/>\n<meta property=\"og:locale\" content=\"en_US\" \/>\n<meta property=\"og:type\" content=\"article\" \/>\n<meta property=\"og:title\" content=\"LA.TE. ANDES en el XXIV Congreso Geol\u00f3gico Boliviano - LA.TE. ANDES S.A.\" \/>\n<meta property=\"og:description\" content=\"Entre los d\u00edas 20 y 22 de octubre, se realiz\u00f3 el XXIV Congreso Geol\u00f3gico Boliviano en modalidad mixta presencial (ciudad de La Paz) y virtual, organizado por el Colegio de Ge\u00f3logos de Bolivia (CGB). LA.TE. ANDES S.A., Grupo Empresario GEOMAP\/CONICET, particip\u00f3 de este prestigioso evento de geocientistas de impacto internacional como invitado en conferencia estelar...\" \/>\n<meta property=\"og:url\" content=\"https:\/\/www.lateandes.com\/en\/la-te-andes-en-el-xxiv-congreso-geologico-boliviano\/\" \/>\n<meta property=\"og:site_name\" content=\"LA.TE. ANDES S.A.\" \/>\n<meta property=\"article:published_time\" content=\"2021-10-22T20:59:39+00:00\" \/>\n<meta property=\"article:modified_time\" content=\"2021-10-23T11:20:45+00:00\" \/>\n<meta property=\"og:image\" content=\"https:\/\/www.lateandes.com\/late\/wp-content\/uploads\/2021\/09\/XXIV-congreso-geologico-boliviano.png\" \/>\n\t<meta property=\"og:image:width\" content=\"800\" \/>\n\t<meta property=\"og:image:height\" content=\"665\" \/>\n\t<meta property=\"og:image:type\" content=\"image\/png\" \/>\n<meta name=\"author\" content=\"Prensa La.Te. Andes\" \/>\n<meta name=\"twitter:card\" content=\"summary_large_image\" \/>\n<meta name=\"twitter:label1\" content=\"Written by\" \/>\n\t<meta name=\"twitter:data1\" content=\"Prensa La.Te. Andes\" \/>\n\t<meta name=\"twitter:label2\" content=\"Est. reading time\" \/>\n\t<meta name=\"twitter:data2\" content=\"1 minute\" \/>\n<!-- \/ Yoast SEO plugin. -->","yoast_head_json":{"title":"LA.TE. ANDES en el XXIV Congreso Geol\u00f3gico Boliviano - LA.TE. ANDES S.A.","robots":{"index":"index","follow":"follow","max-snippet":"max-snippet:-1","max-image-preview":"max-image-preview:large","max-video-preview":"max-video-preview:-1"},"canonical":"https:\/\/www.lateandes.com\/en\/la-te-andes-en-el-xxiv-congreso-geologico-boliviano\/","og_locale":"en_US","og_type":"article","og_title":"LA.TE. ANDES en el XXIV Congreso Geol\u00f3gico Boliviano - LA.TE. ANDES S.A.","og_description":"Entre los d\u00edas 20 y 22 de octubre, se realiz\u00f3 el XXIV Congreso Geol\u00f3gico Boliviano en modalidad mixta presencial (ciudad de La Paz) y virtual, organizado por el Colegio de Ge\u00f3logos de Bolivia (CGB). LA.TE. ANDES S.A., Grupo Empresario GEOMAP\/CONICET, particip\u00f3 de este prestigioso evento de geocientistas de impacto internacional como invitado en conferencia estelar...","og_url":"https:\/\/www.lateandes.com\/en\/la-te-andes-en-el-xxiv-congreso-geologico-boliviano\/","og_site_name":"LA.TE. ANDES S.A.","article_published_time":"2021-10-22T20:59:39+00:00","article_modified_time":"2021-10-23T11:20:45+00:00","og_image":[{"width":800,"height":665,"url":"https:\/\/www.lateandes.com\/late\/wp-content\/uploads\/2021\/09\/XXIV-congreso-geologico-boliviano.png","type":"image\/png"}],"author":"Prensa La.Te. Andes","twitter_card":"summary_large_image","twitter_misc":{"Written by":"Prensa La.Te. Andes","Est. reading time":"1 minute"},"schema":{"@context":"https:\/\/schema.org","@graph":[{"@type":"Article","@id":"https:\/\/www.lateandes.com\/en\/la-te-andes-en-el-xxiv-congreso-geologico-boliviano\/#article","isPartOf":{"@id":"https:\/\/www.lateandes.com\/en\/la-te-andes-en-el-xxiv-congreso-geologico-boliviano\/"},"author":{"name":"Prensa La.Te. Andes","@id":"https:\/\/www.lateandes.com\/en\/#\/schema\/person\/884dcfb7ca3382fb26fecb065725ef46"},"headline":"LA.TE. ANDES en el XXIV Congreso Geol\u00f3gico Boliviano","datePublished":"2021-10-22T20:59:39+00:00","dateModified":"2021-10-23T11:20:45+00:00","mainEntityOfPage":{"@id":"https:\/\/www.lateandes.com\/en\/la-te-andes-en-el-xxiv-congreso-geologico-boliviano\/"},"wordCount":175,"publisher":{"@id":"https:\/\/www.lateandes.com\/en\/#organization"},"image":{"@id":"https:\/\/www.lateandes.com\/en\/la-te-andes-en-el-xxiv-congreso-geologico-boliviano\/#primaryimage"},"thumbnailUrl":"https:\/\/www.lateandes.com\/late\/wp-content\/uploads\/2021\/09\/XXIV-congreso-geologico-boliviano.png","keywords":["congreso"],"articleSection":["Noticias"],"inLanguage":"en-US"},{"@type":"WebPage","@id":"https:\/\/www.lateandes.com\/en\/la-te-andes-en-el-xxiv-congreso-geologico-boliviano\/","url":"https:\/\/www.lateandes.com\/en\/la-te-andes-en-el-xxiv-congreso-geologico-boliviano\/","name":"LA.TE. ANDES en el XXIV Congreso Geol\u00f3gico Boliviano - LA.TE. ANDES S.A.","isPartOf":{"@id":"https:\/\/www.lateandes.com\/en\/#website"},"primaryImageOfPage":{"@id":"https:\/\/www.lateandes.com\/en\/la-te-andes-en-el-xxiv-congreso-geologico-boliviano\/#primaryimage"},"image":{"@id":"https:\/\/www.lateandes.com\/en\/la-te-andes-en-el-xxiv-congreso-geologico-boliviano\/#primaryimage"},"thumbnailUrl":"https:\/\/www.lateandes.com\/late\/wp-content\/uploads\/2021\/09\/XXIV-congreso-geologico-boliviano.png","datePublished":"2021-10-22T20:59:39+00:00","dateModified":"2021-10-23T11:20:45+00:00","breadcrumb":{"@id":"https:\/\/www.lateandes.com\/en\/la-te-andes-en-el-xxiv-congreso-geologico-boliviano\/#breadcrumb"},"inLanguage":"en-US","potentialAction":[{"@type":"ReadAction","target":["https:\/\/www.lateandes.com\/en\/la-te-andes-en-el-xxiv-congreso-geologico-boliviano\/"]}]},{"@type":"ImageObject","inLanguage":"en-US","@id":"https:\/\/www.lateandes.com\/en\/la-te-andes-en-el-xxiv-congreso-geologico-boliviano\/#primaryimage","url":"https:\/\/www.lateandes.com\/late\/wp-content\/uploads\/2021\/09\/XXIV-congreso-geologico-boliviano.png","contentUrl":"https:\/\/www.lateandes.com\/late\/wp-content\/uploads\/2021\/09\/XXIV-congreso-geologico-boliviano.png","width":800,"height":665,"caption":"LA.TE. ANDES en el XXIV Congreso Geol\u00f3gico Boliviano"},{"@type":"BreadcrumbList","@id":"https:\/\/www.lateandes.com\/en\/la-te-andes-en-el-xxiv-congreso-geologico-boliviano\/#breadcrumb","itemListElement":[{"@type":"ListItem","position":1,"name":"Portada","item":"https:\/\/www.lateandes.com\/en\/"},{"@type":"ListItem","position":2,"name":"LA.TE. ANDES en el XXIV Congreso Geol\u00f3gico Boliviano"}]},{"@type":"WebSite","@id":"https:\/\/www.lateandes.com\/en\/#website","url":"https:\/\/www.lateandes.com\/en\/","name":"LA.TE. ANDES S.A.","description":"Geo-thermochronology Lab","publisher":{"@id":"https:\/\/www.lateandes.com\/en\/#organization"},"potentialAction":[{"@type":"SearchAction","target":{"@type":"EntryPoint","urlTemplate":"https:\/\/www.lateandes.com\/en\/?s={search_term_string}"},"query-input":{"@type":"PropertyValueSpecification","valueRequired":true,"valueName":"search_term_string"}}],"inLanguage":"en-US"},{"@type":"Organization","@id":"https:\/\/www.lateandes.com\/en\/#organization","name":"LA.TE. ANDES S.A.","url":"https:\/\/www.lateandes.com\/en\/","logo":{"@type":"ImageObject","inLanguage":"en-US","@id":"https:\/\/www.lateandes.com\/en\/#\/schema\/logo\/image\/","url":"https:\/\/www.lateandes.com\/late\/wp-content\/uploads\/2024\/05\/logo-lateandes-redes-iso-ALT.jpg","contentUrl":"https:\/\/www.lateandes.com\/late\/wp-content\/uploads\/2024\/05\/logo-lateandes-redes-iso-ALT.jpg","width":512,"height":512,"caption":"LA.TE. ANDES S.A."},"image":{"@id":"https:\/\/www.lateandes.com\/en\/#\/schema\/logo\/image\/"}},{"@type":"Person","@id":"https:\/\/www.lateandes.com\/en\/#\/schema\/person\/884dcfb7ca3382fb26fecb065725ef46","name":"Prensa La.Te. Andes","image":{"@type":"ImageObject","inLanguage":"en-US","@id":"https:\/\/secure.gravatar.com\/avatar\/62294bb15c68195f20fadd3d4b4b870c013318441514478bf12fcd3fc56fa649?s=96&d=mm&r=g","url":"https:\/\/secure.gravatar.com\/avatar\/62294bb15c68195f20fadd3d4b4b870c013318441514478bf12fcd3fc56fa649?s=96&d=mm&r=g","contentUrl":"https:\/\/secure.gravatar.com\/avatar\/62294bb15c68195f20fadd3d4b4b870c013318441514478bf12fcd3fc56fa649?s=96&d=mm&r=g","caption":"Prensa La.Te. Andes"}}]}},"_links":{"self":[{"href":"https:\/\/www.lateandes.com\/en\/wp-json\/wp\/v2\/posts\/4824","targetHints":{"allow":["GET"]}}],"collection":[{"href":"https:\/\/www.lateandes.com\/en\/wp-json\/wp\/v2\/posts"}],"about":[{"href":"https:\/\/www.lateandes.com\/en\/wp-json\/wp\/v2\/types\/post"}],"author":[{"embeddable":true,"href":"https:\/\/www.lateandes.com\/en\/wp-json\/wp\/v2\/users\/18"}],"replies":[{"embeddable":true,"href":"https:\/\/www.lateandes.com\/en\/wp-json\/wp\/v2\/comments?post=4824"}],"version-history":[{"count":2,"href":"https:\/\/www.lateandes.com\/en\/wp-json\/wp\/v2\/posts\/4824\/revisions"}],"predecessor-version":[{"id":4826,"href":"https:\/\/www.lateandes.com\/en\/wp-json\/wp\/v2\/posts\/4824\/revisions\/4826"}],"wp:featuredmedia":[{"embeddable":true,"href":"https:\/\/www.lateandes.com\/en\/wp-json\/wp\/v2\/media\/4820"}],"wp:attachment":[{"href":"https:\/\/www.lateandes.com\/en\/wp-json\/wp\/v2\/media?parent=4824"}],"wp:term":[{"taxonomy":"category","embeddable":true,"href":"https:\/\/www.lateandes.com\/en\/wp-json\/wp\/v2\/categories?post=4824"},{"taxonomy":"post_tag","embeddable":true,"href":"https:\/\/www.lateandes.com\/en\/wp-json\/wp\/v2\/tags?post=4824"}],"curies":[{"name":"wp","href":"https:\/\/api.w.org\/{rel}","templated":true}]}}