{"id":3997,"date":"2019-11-14T19:15:06","date_gmt":"2019-11-14T22:15:06","guid":{"rendered":"http:\/\/www.lateandes.com\/?p=3997"},"modified":"2019-11-26T19:52:23","modified_gmt":"2019-11-26T22:52:23","slug":"visita-de-la-agencia-nacional-de-promocion-cientifica-y-tecnologica-a-la-te-andes","status":"publish","type":"post","link":"https:\/\/www.lateandes.com\/en\/visita-de-la-agencia-nacional-de-promocion-cientifica-y-tecnologica-a-la-te-andes\/","title":{"rendered":"Visita de la Agencia Nacional de Promoci\u00f3n Cient\u00edfica y Tecnol\u00f3gica a LA.TE. ANDES"},"content":{"rendered":"<p>El d\u00eda jueves 14 de noviembre recibimos en las instalaciones de LATE ANDES S.A. la visita de una importante comitiva de la Agencia Nacional de Promoci\u00f3n Cient\u00edfica y Tecnol\u00f3gica (ANPCyT),<\/p>\n<p>Facundo Jos\u00e9 Lagunas (Presidente del Directorio)<br \/>\nJulio Bermant (Miembro del Directorio)<br \/>\nEduardo Matozzo (Miembro del Directorio)<br \/>\nConrado Gonz\u00e1lez (Miembro del Directorio)<br \/>\nDamasia Becu (Miembro del Directorio)<br \/>\nJavier Tineo (Miembro del Directorio)<br \/>\nAim\u00e9e Garc\u00eda (Directora del FONTAR)<br \/>\nDiego Dall&#8217; Armellina (FONTAR)<br \/>\nAlbano Bava (FONTAR)<br \/>\nAlejandro Adradas (FONTAR)<br \/>\nN\u00e9stor Simone (FONTAR &#8211; Director de la Industria del Software)<br \/>\nPedro Tomiozzo (FONARSEC)<br \/>\nJorge Blackhall (FONCYT)<br \/>\nSilvia Oliver (DIGFE)<br \/>\nRoberto Stasi (Coordinador de la UCGAL)<br \/>\nJimena Desperes (Coordinadora de Directorio)<br \/>\nCeleste Rodr\u00edguez (Coordinadora de Directorio)<br \/>\nMarcelo Fernandez Portillo (Coordinador de la UPI)<\/p>\n<p>Los funcionarios recorrieron las instalaciones del laboratorio en visita guiada por personal de la instituci\u00f3n, participando adem\u00e1s de una presentaci\u00f3n detallada de los logros y perspectivas de la empresa a cargo del Lic. Roberto M. Hern\u00e1ndez, Presidente de LA.TE. ANDES S.A.<\/p>\n<p>La presentaci\u00f3n desarrollada bajo el t\u00edtulo \u201cLA.TE. ANDES, Proyecto Integral Privado-P\u00fablico. Una forma de Unidad (Simbiosis)\u201d detall\u00f3 la ejecutividad econ\u00f3mico-temporal del Proyecto CENTEC 005 del Fondo Tecnol\u00f3gico Argentino (FONTAR) bajo el cual se gener\u00f3 LA.TE. ANDES S.A como empresa mixta. Por otro lado, se desarrollaron las caracter\u00edsticas de las Unidades Productivas actuales de la empresa: Cron.Ar, Cri.Ar y Andino 3D, las futuras l\u00edneas de I+D vinculadas a sistemas productivos, y los emprendimientos comerciales a futuro derivados a modo de <em>spin-offs.<\/em><\/p>\n<p>Es importante destacar que LA.TE. ANDES S.A. es un proyecto seleccionado por la Agencia Nacional de Promoci\u00f3n Cient\u00edfica y Tecnol\u00f3gica en la convocatoria CENTEC 005 del a\u00f1o 2015, <strong>declarado \u201ccaso de \u00e9xito\u201d, por cumplir en tiempo y forma con todos los objetivos planteados (construcci\u00f3n del edificio del laboratorio, adquisici\u00f3n e instalaci\u00f3n del equipamiento, capacitaci\u00f3n de los recursos humanos, certificaci\u00f3n de entidades internacionales).<\/strong><\/p>\n<p>LA.TE. ANDES S.A. agradece la visita de tan distinguida comitiva.<\/p>\n<div class=\"w-gallery fit_cover wp_gallery type_masonry action_popup_image with_isotope ratio_auto count_6\" style=\"--columns:3;--items-gap:8px;\"><div class=\"w-gallery-list\"><div class=\"w-gallery-item\"><div class=\"w-gallery-item-img\"><img fetchpriority=\"high\" decoding=\"async\" width=\"300\" height=\"200\" src=\"https:\/\/www.lateandes.com\/late\/wp-content\/uploads\/2019\/11\/visitadelaagencianacionaldepromocioncientificaytecnologicaala-te-andes-1-300x200.jpg\" class=\"attachment-medium size-medium\" alt=\"\" srcset=\"https:\/\/www.lateandes.com\/late\/wp-content\/uploads\/2019\/11\/visitadelaagencianacionaldepromocioncientificaytecnologicaala-te-andes-1-300x200.jpg 300w, https:\/\/www.lateandes.com\/late\/wp-content\/uploads\/2019\/11\/visitadelaagencianacionaldepromocioncientificaytecnologicaala-te-andes-1-1024x683.jpg 1024w, https:\/\/www.lateandes.com\/late\/wp-content\/uploads\/2019\/11\/visitadelaagencianacionaldepromocioncientificaytecnologicaala-te-andes-1-600x400.jpg 600w, https:\/\/www.lateandes.com\/late\/wp-content\/uploads\/2019\/11\/visitadelaagencianacionaldepromocioncientificaytecnologicaala-te-andes-1-768x512.jpg 768w, https:\/\/www.lateandes.com\/late\/wp-content\/uploads\/2019\/11\/visitadelaagencianacionaldepromocioncientificaytecnologicaala-te-andes-1.jpg 1200w\" sizes=\"(max-width: 300px) 100vw, 300px\" \/><\/div><a class=\"w-gallery-item-link\" aria-label=\"late-agencia (35 de 47)\" href=\"https:\/\/www.lateandes.com\/late\/wp-content\/uploads\/2019\/11\/visitadelaagencianacionaldepromocioncientificaytecnologicaala-te-andes-1.jpg\" title=\"late-agencia (35 de 47)\"><\/a><\/div><div class=\"w-gallery-item\"><div class=\"w-gallery-item-img\"><img decoding=\"async\" width=\"300\" height=\"200\" src=\"https:\/\/www.lateandes.com\/late\/wp-content\/uploads\/2019\/11\/visitadelaagencianacionaldepromocioncientificaytecnologicaala-te-andes-5-300x200.jpg\" class=\"attachment-medium size-medium\" alt=\"\" srcset=\"https:\/\/www.lateandes.com\/late\/wp-content\/uploads\/2019\/11\/visitadelaagencianacionaldepromocioncientificaytecnologicaala-te-andes-5-300x200.jpg 300w, https:\/\/www.lateandes.com\/late\/wp-content\/uploads\/2019\/11\/visitadelaagencianacionaldepromocioncientificaytecnologicaala-te-andes-5-1024x683.jpg 1024w, https:\/\/www.lateandes.com\/late\/wp-content\/uploads\/2019\/11\/visitadelaagencianacionaldepromocioncientificaytecnologicaala-te-andes-5-600x400.jpg 600w, https:\/\/www.lateandes.com\/late\/wp-content\/uploads\/2019\/11\/visitadelaagencianacionaldepromocioncientificaytecnologicaala-te-andes-5-768x512.jpg 768w, https:\/\/www.lateandes.com\/late\/wp-content\/uploads\/2019\/11\/visitadelaagencianacionaldepromocioncientificaytecnologicaala-te-andes-5.jpg 1200w\" sizes=\"(max-width: 300px) 100vw, 300px\" \/><\/div><a class=\"w-gallery-item-link\" aria-label=\"late-agencia (23 de 47)\" href=\"https:\/\/www.lateandes.com\/late\/wp-content\/uploads\/2019\/11\/visitadelaagencianacionaldepromocioncientificaytecnologicaala-te-andes-5.jpg\" title=\"late-agencia (23 de 47)\"><\/a><\/div><div class=\"w-gallery-item\"><div class=\"w-gallery-item-img\"><img decoding=\"async\" width=\"300\" height=\"200\" src=\"https:\/\/www.lateandes.com\/late\/wp-content\/uploads\/2019\/11\/visitadelaagencianacionaldepromocioncientificaytecnologicaala-te-andes-6-300x200.jpg\" class=\"attachment-medium size-medium\" alt=\"\" srcset=\"https:\/\/www.lateandes.com\/late\/wp-content\/uploads\/2019\/11\/visitadelaagencianacionaldepromocioncientificaytecnologicaala-te-andes-6-300x200.jpg 300w, https:\/\/www.lateandes.com\/late\/wp-content\/uploads\/2019\/11\/visitadelaagencianacionaldepromocioncientificaytecnologicaala-te-andes-6-1024x683.jpg 1024w, https:\/\/www.lateandes.com\/late\/wp-content\/uploads\/2019\/11\/visitadelaagencianacionaldepromocioncientificaytecnologicaala-te-andes-6-600x400.jpg 600w, https:\/\/www.lateandes.com\/late\/wp-content\/uploads\/2019\/11\/visitadelaagencianacionaldepromocioncientificaytecnologicaala-te-andes-6-768x512.jpg 768w, https:\/\/www.lateandes.com\/late\/wp-content\/uploads\/2019\/11\/visitadelaagencianacionaldepromocioncientificaytecnologicaala-te-andes-6.jpg 1200w\" sizes=\"(max-width: 300px) 100vw, 300px\" \/><\/div><a class=\"w-gallery-item-link\" aria-label=\"late-agencia (26 de 47)\" href=\"https:\/\/www.lateandes.com\/late\/wp-content\/uploads\/2019\/11\/visitadelaagencianacionaldepromocioncientificaytecnologicaala-te-andes-6.jpg\" title=\"late-agencia (26 de 47)\"><\/a><\/div><div class=\"w-gallery-item\"><div class=\"w-gallery-item-img\"><img loading=\"lazy\" decoding=\"async\" width=\"300\" height=\"200\" src=\"https:\/\/www.lateandes.com\/late\/wp-content\/uploads\/2019\/11\/visitadelaagencianacionaldepromocioncientificaytecnologicaala-te-andes-4-300x200.jpg\" class=\"attachment-medium size-medium\" alt=\"\" srcset=\"https:\/\/www.lateandes.com\/late\/wp-content\/uploads\/2019\/11\/visitadelaagencianacionaldepromocioncientificaytecnologicaala-te-andes-4-300x200.jpg 300w, https:\/\/www.lateandes.com\/late\/wp-content\/uploads\/2019\/11\/visitadelaagencianacionaldepromocioncientificaytecnologicaala-te-andes-4-1024x683.jpg 1024w, https:\/\/www.lateandes.com\/late\/wp-content\/uploads\/2019\/11\/visitadelaagencianacionaldepromocioncientificaytecnologicaala-te-andes-4-600x400.jpg 600w, https:\/\/www.lateandes.com\/late\/wp-content\/uploads\/2019\/11\/visitadelaagencianacionaldepromocioncientificaytecnologicaala-te-andes-4-768x512.jpg 768w, https:\/\/www.lateandes.com\/late\/wp-content\/uploads\/2019\/11\/visitadelaagencianacionaldepromocioncientificaytecnologicaala-te-andes-4.jpg 1200w\" sizes=\"(max-width: 300px) 100vw, 300px\" \/><\/div><a class=\"w-gallery-item-link\" aria-label=\"late-agencia (15 de 47)\" href=\"https:\/\/www.lateandes.com\/late\/wp-content\/uploads\/2019\/11\/visitadelaagencianacionaldepromocioncientificaytecnologicaala-te-andes-4.jpg\" title=\"late-agencia (15 de 47)\"><\/a><\/div><div class=\"w-gallery-item\"><div class=\"w-gallery-item-img\"><img loading=\"lazy\" decoding=\"async\" width=\"300\" height=\"200\" src=\"https:\/\/www.lateandes.com\/late\/wp-content\/uploads\/2019\/11\/visitadelaagencianacionaldepromocioncientificaytecnologicaala-te-andes-2-300x200.jpg\" class=\"attachment-medium size-medium\" alt=\"\" srcset=\"https:\/\/www.lateandes.com\/late\/wp-content\/uploads\/2019\/11\/visitadelaagencianacionaldepromocioncientificaytecnologicaala-te-andes-2-300x200.jpg 300w, https:\/\/www.lateandes.com\/late\/wp-content\/uploads\/2019\/11\/visitadelaagencianacionaldepromocioncientificaytecnologicaala-te-andes-2-1024x683.jpg 1024w, https:\/\/www.lateandes.com\/late\/wp-content\/uploads\/2019\/11\/visitadelaagencianacionaldepromocioncientificaytecnologicaala-te-andes-2-600x400.jpg 600w, https:\/\/www.lateandes.com\/late\/wp-content\/uploads\/2019\/11\/visitadelaagencianacionaldepromocioncientificaytecnologicaala-te-andes-2-768x512.jpg 768w, https:\/\/www.lateandes.com\/late\/wp-content\/uploads\/2019\/11\/visitadelaagencianacionaldepromocioncientificaytecnologicaala-te-andes-2.jpg 1200w\" sizes=\"(max-width: 300px) 100vw, 300px\" \/><\/div><a class=\"w-gallery-item-link\" aria-label=\"late-agencia (3 de 47)\" href=\"https:\/\/www.lateandes.com\/late\/wp-content\/uploads\/2019\/11\/visitadelaagencianacionaldepromocioncientificaytecnologicaala-te-andes-2.jpg\" title=\"late-agencia (3 de 47)\"><\/a><\/div><div class=\"w-gallery-item\"><div class=\"w-gallery-item-img\"><img loading=\"lazy\" decoding=\"async\" width=\"300\" height=\"200\" src=\"https:\/\/www.lateandes.com\/late\/wp-content\/uploads\/2019\/11\/visitadelaagencianacionaldepromocioncientificaytecnologicaala-te-andes-3-300x200.jpg\" class=\"attachment-medium size-medium\" alt=\"\" srcset=\"https:\/\/www.lateandes.com\/late\/wp-content\/uploads\/2019\/11\/visitadelaagencianacionaldepromocioncientificaytecnologicaala-te-andes-3-300x200.jpg 300w, https:\/\/www.lateandes.com\/late\/wp-content\/uploads\/2019\/11\/visitadelaagencianacionaldepromocioncientificaytecnologicaala-te-andes-3-1024x683.jpg 1024w, https:\/\/www.lateandes.com\/late\/wp-content\/uploads\/2019\/11\/visitadelaagencianacionaldepromocioncientificaytecnologicaala-te-andes-3-600x400.jpg 600w, https:\/\/www.lateandes.com\/late\/wp-content\/uploads\/2019\/11\/visitadelaagencianacionaldepromocioncientificaytecnologicaala-te-andes-3-768x512.jpg 768w, https:\/\/www.lateandes.com\/late\/wp-content\/uploads\/2019\/11\/visitadelaagencianacionaldepromocioncientificaytecnologicaala-te-andes-3.jpg 1200w\" sizes=\"(max-width: 300px) 100vw, 300px\" \/><\/div><a class=\"w-gallery-item-link\" aria-label=\"late-agencia (4 de 47)\" href=\"https:\/\/www.lateandes.com\/late\/wp-content\/uploads\/2019\/11\/visitadelaagencianacionaldepromocioncientificaytecnologicaala-te-andes-3.jpg\" title=\"late-agencia (4 de 47)\"><\/a><\/div><\/div><\/div>\n","protected":false},"excerpt":{"rendered":"<p>El d\u00eda jueves 14 de noviembre recibimos en las instalaciones de LATE ANDES S.A. la visita de una importante comitiva de la Agencia Nacional de Promoci\u00f3n Cient\u00edfica y Tecnol\u00f3gica (ANPCyT), Facundo Jos\u00e9 Lagunas (Presidente del Directorio) Julio Bermant (Miembro del Directorio) Eduardo Matozzo (Miembro del Directorio) Conrado Gonz\u00e1lez (Miembro del Directorio) Damasia Becu (Miembro del&#8230;<\/p>\n","protected":false},"author":16,"featured_media":3999,"comment_status":"closed","ping_status":"closed","sticky":false,"template":"","format":"standard","meta":{"footnotes":""},"categories":[2],"tags":[103,102],"class_list":["post-3997","post","type-post","status-publish","format-standard","has-post-thumbnail","hentry","category-noticias","tag-agencia-nacional-de-promocion-cientifica-y-tecnologica","tag-centec"],"yoast_head":"<!-- This site is optimized with the Yoast SEO plugin v27.4 - https:\/\/yoast.com\/product\/yoast-seo-wordpress\/ -->\n<title>Visita de la Agencia Nacional de Promoci\u00f3n Cient\u00edfica y Tecnol\u00f3gica a LA.TE. ANDES - LA.TE. ANDES S.A.<\/title>\n<meta name=\"robots\" content=\"index, follow, max-snippet:-1, max-image-preview:large, max-video-preview:-1\" \/>\n<link rel=\"canonical\" href=\"https:\/\/www.lateandes.com\/en\/visita-de-la-agencia-nacional-de-promocion-cientifica-y-tecnologica-a-la-te-andes\/\" \/>\n<meta property=\"og:locale\" content=\"en_US\" \/>\n<meta property=\"og:type\" content=\"article\" \/>\n<meta property=\"og:title\" content=\"Visita de la Agencia Nacional de Promoci\u00f3n Cient\u00edfica y Tecnol\u00f3gica a LA.TE. ANDES - LA.TE. ANDES S.A.\" \/>\n<meta property=\"og:description\" content=\"El d\u00eda jueves 14 de noviembre recibimos en las instalaciones de LATE ANDES S.A. la visita de una importante comitiva de la Agencia Nacional de Promoci\u00f3n Cient\u00edfica y Tecnol\u00f3gica (ANPCyT), Facundo Jos\u00e9 Lagunas (Presidente del Directorio) Julio Bermant (Miembro del Directorio) Eduardo Matozzo (Miembro del Directorio) Conrado Gonz\u00e1lez (Miembro del Directorio) Damasia Becu (Miembro del...\" \/>\n<meta property=\"og:url\" content=\"https:\/\/www.lateandes.com\/en\/visita-de-la-agencia-nacional-de-promocion-cientifica-y-tecnologica-a-la-te-andes\/\" \/>\n<meta property=\"og:site_name\" content=\"LA.TE. ANDES S.A.\" \/>\n<meta property=\"article:published_time\" content=\"2019-11-14T22:15:06+00:00\" \/>\n<meta property=\"article:modified_time\" content=\"2019-11-26T22:52:23+00:00\" \/>\n<meta property=\"og:image\" content=\"https:\/\/www.lateandes.com\/late\/wp-content\/uploads\/2019\/11\/visitadelaagencianacionaldepromocioncientificaytecnologicaala-te-andes.jpg\" \/>\n\t<meta property=\"og:image:width\" content=\"1200\" \/>\n\t<meta property=\"og:image:height\" content=\"800\" \/>\n\t<meta property=\"og:image:type\" content=\"image\/jpeg\" \/>\n<meta name=\"author\" content=\"Carlos Brown\" \/>\n<meta name=\"twitter:card\" content=\"summary_large_image\" \/>\n<meta name=\"twitter:label1\" content=\"Written by\" \/>\n\t<meta name=\"twitter:data1\" content=\"Carlos Brown\" \/>\n\t<meta name=\"twitter:label2\" content=\"Est. reading time\" \/>\n\t<meta name=\"twitter:data2\" content=\"2 minutes\" \/>\n<!-- \/ Yoast SEO plugin. -->","yoast_head_json":{"title":"Visita de la Agencia Nacional de Promoci\u00f3n Cient\u00edfica y Tecnol\u00f3gica a LA.TE. ANDES - LA.TE. ANDES S.A.","robots":{"index":"index","follow":"follow","max-snippet":"max-snippet:-1","max-image-preview":"max-image-preview:large","max-video-preview":"max-video-preview:-1"},"canonical":"https:\/\/www.lateandes.com\/en\/visita-de-la-agencia-nacional-de-promocion-cientifica-y-tecnologica-a-la-te-andes\/","og_locale":"en_US","og_type":"article","og_title":"Visita de la Agencia Nacional de Promoci\u00f3n Cient\u00edfica y Tecnol\u00f3gica a LA.TE. ANDES - LA.TE. ANDES S.A.","og_description":"El d\u00eda jueves 14 de noviembre recibimos en las instalaciones de LATE ANDES S.A. la visita de una importante comitiva de la Agencia Nacional de Promoci\u00f3n Cient\u00edfica y Tecnol\u00f3gica (ANPCyT), Facundo Jos\u00e9 Lagunas (Presidente del Directorio) Julio Bermant (Miembro del Directorio) Eduardo Matozzo (Miembro del Directorio) Conrado Gonz\u00e1lez (Miembro del Directorio) Damasia Becu (Miembro del...","og_url":"https:\/\/www.lateandes.com\/en\/visita-de-la-agencia-nacional-de-promocion-cientifica-y-tecnologica-a-la-te-andes\/","og_site_name":"LA.TE. ANDES S.A.","article_published_time":"2019-11-14T22:15:06+00:00","article_modified_time":"2019-11-26T22:52:23+00:00","og_image":[{"width":1200,"height":800,"url":"https:\/\/www.lateandes.com\/late\/wp-content\/uploads\/2019\/11\/visitadelaagencianacionaldepromocioncientificaytecnologicaala-te-andes.jpg","type":"image\/jpeg"}],"author":"Carlos Brown","twitter_card":"summary_large_image","twitter_misc":{"Written by":"Carlos Brown","Est. reading time":"2 minutes"},"schema":{"@context":"https:\/\/schema.org","@graph":[{"@type":"Article","@id":"https:\/\/www.lateandes.com\/en\/visita-de-la-agencia-nacional-de-promocion-cientifica-y-tecnologica-a-la-te-andes\/#article","isPartOf":{"@id":"https:\/\/www.lateandes.com\/en\/visita-de-la-agencia-nacional-de-promocion-cientifica-y-tecnologica-a-la-te-andes\/"},"author":{"name":"Carlos Brown","@id":"https:\/\/www.lateandes.com\/en\/#\/schema\/person\/3fc1ed68c6682c1734cc6a200eb575c2"},"headline":"Visita de la Agencia Nacional de Promoci\u00f3n Cient\u00edfica y Tecnol\u00f3gica a LA.TE. ANDES","datePublished":"2019-11-14T22:15:06+00:00","dateModified":"2019-11-26T22:52:23+00:00","mainEntityOfPage":{"@id":"https:\/\/www.lateandes.com\/en\/visita-de-la-agencia-nacional-de-promocion-cientifica-y-tecnologica-a-la-te-andes\/"},"wordCount":378,"publisher":{"@id":"https:\/\/www.lateandes.com\/en\/#organization"},"image":{"@id":"https:\/\/www.lateandes.com\/en\/visita-de-la-agencia-nacional-de-promocion-cientifica-y-tecnologica-a-la-te-andes\/#primaryimage"},"thumbnailUrl":"https:\/\/www.lateandes.com\/late\/wp-content\/uploads\/2019\/11\/visitadelaagencianacionaldepromocioncientificaytecnologicaala-te-andes.jpg","keywords":["Agencia Nacional de Promoci\u00f3n Cient\u00edfica y Tecnol\u00f3gica","CENTEC"],"articleSection":["Noticias"],"inLanguage":"en-US"},{"@type":"WebPage","@id":"https:\/\/www.lateandes.com\/en\/visita-de-la-agencia-nacional-de-promocion-cientifica-y-tecnologica-a-la-te-andes\/","url":"https:\/\/www.lateandes.com\/en\/visita-de-la-agencia-nacional-de-promocion-cientifica-y-tecnologica-a-la-te-andes\/","name":"Visita de la Agencia Nacional de Promoci\u00f3n Cient\u00edfica y Tecnol\u00f3gica a LA.TE. ANDES - LA.TE. ANDES S.A.","isPartOf":{"@id":"https:\/\/www.lateandes.com\/en\/#website"},"primaryImageOfPage":{"@id":"https:\/\/www.lateandes.com\/en\/visita-de-la-agencia-nacional-de-promocion-cientifica-y-tecnologica-a-la-te-andes\/#primaryimage"},"image":{"@id":"https:\/\/www.lateandes.com\/en\/visita-de-la-agencia-nacional-de-promocion-cientifica-y-tecnologica-a-la-te-andes\/#primaryimage"},"thumbnailUrl":"https:\/\/www.lateandes.com\/late\/wp-content\/uploads\/2019\/11\/visitadelaagencianacionaldepromocioncientificaytecnologicaala-te-andes.jpg","datePublished":"2019-11-14T22:15:06+00:00","dateModified":"2019-11-26T22:52:23+00:00","breadcrumb":{"@id":"https:\/\/www.lateandes.com\/en\/visita-de-la-agencia-nacional-de-promocion-cientifica-y-tecnologica-a-la-te-andes\/#breadcrumb"},"inLanguage":"en-US","potentialAction":[{"@type":"ReadAction","target":["https:\/\/www.lateandes.com\/en\/visita-de-la-agencia-nacional-de-promocion-cientifica-y-tecnologica-a-la-te-andes\/"]}]},{"@type":"ImageObject","inLanguage":"en-US","@id":"https:\/\/www.lateandes.com\/en\/visita-de-la-agencia-nacional-de-promocion-cientifica-y-tecnologica-a-la-te-andes\/#primaryimage","url":"https:\/\/www.lateandes.com\/late\/wp-content\/uploads\/2019\/11\/visitadelaagencianacionaldepromocioncientificaytecnologicaala-te-andes.jpg","contentUrl":"https:\/\/www.lateandes.com\/late\/wp-content\/uploads\/2019\/11\/visitadelaagencianacionaldepromocioncientificaytecnologicaala-te-andes.jpg","width":1200,"height":800},{"@type":"BreadcrumbList","@id":"https:\/\/www.lateandes.com\/en\/visita-de-la-agencia-nacional-de-promocion-cientifica-y-tecnologica-a-la-te-andes\/#breadcrumb","itemListElement":[{"@type":"ListItem","position":1,"name":"Portada","item":"https:\/\/www.lateandes.com\/en\/"},{"@type":"ListItem","position":2,"name":"Visita de la Agencia Nacional de Promoci\u00f3n Cient\u00edfica y Tecnol\u00f3gica a LA.TE. ANDES"}]},{"@type":"WebSite","@id":"https:\/\/www.lateandes.com\/en\/#website","url":"https:\/\/www.lateandes.com\/en\/","name":"LA.TE. ANDES S.A.","description":"Geo-thermochronology Lab","publisher":{"@id":"https:\/\/www.lateandes.com\/en\/#organization"},"potentialAction":[{"@type":"SearchAction","target":{"@type":"EntryPoint","urlTemplate":"https:\/\/www.lateandes.com\/en\/?s={search_term_string}"},"query-input":{"@type":"PropertyValueSpecification","valueRequired":true,"valueName":"search_term_string"}}],"inLanguage":"en-US"},{"@type":"Organization","@id":"https:\/\/www.lateandes.com\/en\/#organization","name":"LA.TE. ANDES S.A.","url":"https:\/\/www.lateandes.com\/en\/","logo":{"@type":"ImageObject","inLanguage":"en-US","@id":"https:\/\/www.lateandes.com\/en\/#\/schema\/logo\/image\/","url":"https:\/\/www.lateandes.com\/late\/wp-content\/uploads\/2024\/05\/logo-lateandes-redes-iso-ALT.jpg","contentUrl":"https:\/\/www.lateandes.com\/late\/wp-content\/uploads\/2024\/05\/logo-lateandes-redes-iso-ALT.jpg","width":512,"height":512,"caption":"LA.TE. ANDES S.A."},"image":{"@id":"https:\/\/www.lateandes.com\/en\/#\/schema\/logo\/image\/"}},{"@type":"Person","@id":"https:\/\/www.lateandes.com\/en\/#\/schema\/person\/3fc1ed68c6682c1734cc6a200eb575c2","name":"Carlos Brown","image":{"@type":"ImageObject","inLanguage":"en-US","@id":"https:\/\/secure.gravatar.com\/avatar\/1540bfe3d59b1185aef500c88a41c4128b0869c4506e24a5c040bbf74241adda?s=96&d=mm&r=g","url":"https:\/\/secure.gravatar.com\/avatar\/1540bfe3d59b1185aef500c88a41c4128b0869c4506e24a5c040bbf74241adda?s=96&d=mm&r=g","contentUrl":"https:\/\/secure.gravatar.com\/avatar\/1540bfe3d59b1185aef500c88a41c4128b0869c4506e24a5c040bbf74241adda?s=96&d=mm&r=g","caption":"Carlos Brown"}}]}},"_links":{"self":[{"href":"https:\/\/www.lateandes.com\/en\/wp-json\/wp\/v2\/posts\/3997","targetHints":{"allow":["GET"]}}],"collection":[{"href":"https:\/\/www.lateandes.com\/en\/wp-json\/wp\/v2\/posts"}],"about":[{"href":"https:\/\/www.lateandes.com\/en\/wp-json\/wp\/v2\/types\/post"}],"author":[{"embeddable":true,"href":"https:\/\/www.lateandes.com\/en\/wp-json\/wp\/v2\/users\/16"}],"replies":[{"embeddable":true,"href":"https:\/\/www.lateandes.com\/en\/wp-json\/wp\/v2\/comments?post=3997"}],"version-history":[{"count":3,"href":"https:\/\/www.lateandes.com\/en\/wp-json\/wp\/v2\/posts\/3997\/revisions"}],"predecessor-version":[{"id":4027,"href":"https:\/\/www.lateandes.com\/en\/wp-json\/wp\/v2\/posts\/3997\/revisions\/4027"}],"wp:featuredmedia":[{"embeddable":true,"href":"https:\/\/www.lateandes.com\/en\/wp-json\/wp\/v2\/media\/3999"}],"wp:attachment":[{"href":"https:\/\/www.lateandes.com\/en\/wp-json\/wp\/v2\/media?parent=3997"}],"wp:term":[{"taxonomy":"category","embeddable":true,"href":"https:\/\/www.lateandes.com\/en\/wp-json\/wp\/v2\/categories?post=3997"},{"taxonomy":"post_tag","embeddable":true,"href":"https:\/\/www.lateandes.com\/en\/wp-json\/wp\/v2\/tags?post=3997"}],"curies":[{"name":"wp","href":"https:\/\/api.w.org\/{rel}","templated":true}]}}