{"id":1669,"date":"2016-09-01T19:12:25","date_gmt":"2016-09-01T22:12:25","guid":{"rendered":"http:\/\/www.lateandes.com\/?p=1669"},"modified":"2019-01-14T09:18:20","modified_gmt":"2019-01-14T12:18:20","slug":"late-andes-100-avance-las-obras-ano-conformacion","status":"publish","type":"post","link":"https:\/\/www.lateandes.com\/en\/late-andes-100-avance-las-obras-ano-conformacion\/","title":{"rendered":"Late Andes: 100% de avance en las obras a un a\u00f1o de su conformaci\u00f3n"},"content":{"rendered":"<p>El primer Centro de Desarrollo de Termocronolog\u00eda del pa\u00eds montado en la localidad de Vaqueros, provincia de Salta, se encuentra muy pr\u00f3ximo a su inauguraci\u00f3n oficial. \u00a0Las obras edilicias han sido ejecutadas en su totalidad y la capacidad instalada del equipamiento propio del laboratorio esta muy pr\u00f3xima a ser completada.<\/p>\n<p>El\u00a0laboratorio de\u00a0Termocronolog\u00eda\u00a0cuenta con una superficie de 400 metros cuadrados donde se albergan 16 nuevas salas de trabajo que consisten en:\u00a0una\u00a0sala de dep\u00f3sito y de servicios centralizados, una sala de molienda, cuatro\u00a0salas para la preparaci\u00f3n de muestras, una\u00a0sala de medici\u00f3n de\u00a0trazas de fisi\u00f3n, \u00a0una sala de microespectrometr\u00eda Raman, una sala de modelado num\u00e9rico, una sala para investigadores_becarios , una sala de seminarios y reuniones \u00a0(capacidad 16 personas) y dos salas para el m\u00f3dulo de administraci\u00f3n y direcci\u00f3n.<\/p>\n<p>Actualmente las instalaciones est\u00e1n siendo utilizadas en su totalidad por el personal de LaTe Andes y han sido visitadas por investigadores y doctorantes de la Universidad Nacional de Salta, funcionarios de Vinculaci\u00f3n Tecnol\u00f3gica y \u00e1rea de prensa de CONICET.<\/p>\n","protected":false},"excerpt":{"rendered":"<p>El primer Centro de Desarrollo de Termocronolog\u00eda del pa\u00eds montado en la localidad de Vaqueros, provincia de Salta, se encuentra muy pr\u00f3ximo a su inauguraci\u00f3n oficial. \u00a0Las obras edilicias han sido ejecutadas en su totalidad y la capacidad instalada del equipamiento propio del laboratorio esta muy pr\u00f3xima a ser completada. El\u00a0laboratorio de\u00a0Termocronolog\u00eda\u00a0cuenta con una superficie&#8230;<\/p>\n","protected":false},"author":18,"featured_media":1592,"comment_status":"closed","ping_status":"closed","sticky":false,"template":"","format":"standard","meta":{"footnotes":""},"categories":[2],"tags":[22,3,4],"class_list":["post-1669","post","type-post","status-publish","format-standard","has-post-thumbnail","hentry","category-noticias","tag-la-te-andes","tag-laboratorio","tag-obras"],"yoast_head":"<!-- This site is optimized with the Yoast SEO plugin v27.5 - https:\/\/yoast.com\/product\/yoast-seo-wordpress\/ -->\n<title>Late Andes: 100% de avance en las obras a un a\u00f1o de su conformaci\u00f3n - LA.TE. ANDES S.A.<\/title>\n<meta name=\"robots\" content=\"index, follow, max-snippet:-1, max-image-preview:large, max-video-preview:-1\" \/>\n<link rel=\"canonical\" href=\"https:\/\/www.lateandes.com\/en\/late-andes-100-avance-las-obras-ano-conformacion\/\" \/>\n<meta property=\"og:locale\" content=\"en_US\" \/>\n<meta property=\"og:type\" content=\"article\" \/>\n<meta property=\"og:title\" content=\"Late Andes: 100% de avance en las obras a un a\u00f1o de su conformaci\u00f3n - LA.TE. ANDES S.A.\" \/>\n<meta property=\"og:description\" content=\"El primer Centro de Desarrollo de Termocronolog\u00eda del pa\u00eds montado en la localidad de Vaqueros, provincia de Salta, se encuentra muy pr\u00f3ximo a su inauguraci\u00f3n oficial. \u00a0Las obras edilicias han sido ejecutadas en su totalidad y la capacidad instalada del equipamiento propio del laboratorio esta muy pr\u00f3xima a ser completada. El\u00a0laboratorio de\u00a0Termocronolog\u00eda\u00a0cuenta con una superficie...\" \/>\n<meta property=\"og:url\" content=\"https:\/\/www.lateandes.com\/en\/late-andes-100-avance-las-obras-ano-conformacion\/\" \/>\n<meta property=\"og:site_name\" content=\"LA.TE. ANDES S.A.\" \/>\n<meta property=\"article:published_time\" content=\"2016-09-01T22:12:25+00:00\" \/>\n<meta property=\"article:modified_time\" content=\"2019-01-14T12:18:20+00:00\" \/>\n<meta property=\"og:image\" content=\"https:\/\/www.lateandes.com\/late\/wp-content\/uploads\/2016\/04\/TUI_9513.jpg\" \/>\n\t<meta property=\"og:image:width\" content=\"1199\" \/>\n\t<meta property=\"og:image:height\" content=\"678\" \/>\n\t<meta property=\"og:image:type\" content=\"image\/jpeg\" \/>\n<meta name=\"author\" content=\"Prensa La.Te. Andes\" \/>\n<meta name=\"twitter:card\" content=\"summary_large_image\" \/>\n<meta name=\"twitter:label1\" content=\"Written by\" \/>\n\t<meta name=\"twitter:data1\" content=\"Prensa La.Te. Andes\" \/>\n\t<meta name=\"twitter:label2\" content=\"Est. reading time\" \/>\n\t<meta name=\"twitter:data2\" content=\"1 minute\" \/>\n<!-- \/ Yoast SEO plugin. -->","yoast_head_json":{"title":"Late Andes: 100% de avance en las obras a un a\u00f1o de su conformaci\u00f3n - LA.TE. ANDES S.A.","robots":{"index":"index","follow":"follow","max-snippet":"max-snippet:-1","max-image-preview":"max-image-preview:large","max-video-preview":"max-video-preview:-1"},"canonical":"https:\/\/www.lateandes.com\/en\/late-andes-100-avance-las-obras-ano-conformacion\/","og_locale":"en_US","og_type":"article","og_title":"Late Andes: 100% de avance en las obras a un a\u00f1o de su conformaci\u00f3n - LA.TE. ANDES S.A.","og_description":"El primer Centro de Desarrollo de Termocronolog\u00eda del pa\u00eds montado en la localidad de Vaqueros, provincia de Salta, se encuentra muy pr\u00f3ximo a su inauguraci\u00f3n oficial. \u00a0Las obras edilicias han sido ejecutadas en su totalidad y la capacidad instalada del equipamiento propio del laboratorio esta muy pr\u00f3xima a ser completada. El\u00a0laboratorio de\u00a0Termocronolog\u00eda\u00a0cuenta con una superficie...","og_url":"https:\/\/www.lateandes.com\/en\/late-andes-100-avance-las-obras-ano-conformacion\/","og_site_name":"LA.TE. ANDES S.A.","article_published_time":"2016-09-01T22:12:25+00:00","article_modified_time":"2019-01-14T12:18:20+00:00","og_image":[{"width":1199,"height":678,"url":"https:\/\/www.lateandes.com\/late\/wp-content\/uploads\/2016\/04\/TUI_9513.jpg","type":"image\/jpeg"}],"author":"Prensa La.Te. Andes","twitter_card":"summary_large_image","twitter_misc":{"Written by":"Prensa La.Te. Andes","Est. reading time":"1 minute"},"schema":{"@context":"https:\/\/schema.org","@graph":[{"@type":"Article","@id":"https:\/\/www.lateandes.com\/en\/late-andes-100-avance-las-obras-ano-conformacion\/#article","isPartOf":{"@id":"https:\/\/www.lateandes.com\/en\/late-andes-100-avance-las-obras-ano-conformacion\/"},"author":{"name":"Prensa La.Te. Andes","@id":"https:\/\/www.lateandes.com\/en\/#\/schema\/person\/884dcfb7ca3382fb26fecb065725ef46"},"headline":"Late Andes: 100% de avance en las obras a un a\u00f1o de su conformaci\u00f3n","datePublished":"2016-09-01T22:12:25+00:00","dateModified":"2019-01-14T12:18:20+00:00","mainEntityOfPage":{"@id":"https:\/\/www.lateandes.com\/en\/late-andes-100-avance-las-obras-ano-conformacion\/"},"wordCount":203,"publisher":{"@id":"https:\/\/www.lateandes.com\/en\/#organization"},"image":{"@id":"https:\/\/www.lateandes.com\/en\/late-andes-100-avance-las-obras-ano-conformacion\/#primaryimage"},"thumbnailUrl":"https:\/\/www.lateandes.com\/late\/wp-content\/uploads\/2016\/04\/TUI_9513.jpg","keywords":["La Te Andes","laboratorio","obras"],"articleSection":["Noticias"],"inLanguage":"en-US"},{"@type":"WebPage","@id":"https:\/\/www.lateandes.com\/en\/late-andes-100-avance-las-obras-ano-conformacion\/","url":"https:\/\/www.lateandes.com\/en\/late-andes-100-avance-las-obras-ano-conformacion\/","name":"Late Andes: 100% de avance en las obras a un a\u00f1o de su conformaci\u00f3n - LA.TE. ANDES S.A.","isPartOf":{"@id":"https:\/\/www.lateandes.com\/en\/#website"},"primaryImageOfPage":{"@id":"https:\/\/www.lateandes.com\/en\/late-andes-100-avance-las-obras-ano-conformacion\/#primaryimage"},"image":{"@id":"https:\/\/www.lateandes.com\/en\/late-andes-100-avance-las-obras-ano-conformacion\/#primaryimage"},"thumbnailUrl":"https:\/\/www.lateandes.com\/late\/wp-content\/uploads\/2016\/04\/TUI_9513.jpg","datePublished":"2016-09-01T22:12:25+00:00","dateModified":"2019-01-14T12:18:20+00:00","breadcrumb":{"@id":"https:\/\/www.lateandes.com\/en\/late-andes-100-avance-las-obras-ano-conformacion\/#breadcrumb"},"inLanguage":"en-US","potentialAction":[{"@type":"ReadAction","target":["https:\/\/www.lateandes.com\/en\/late-andes-100-avance-las-obras-ano-conformacion\/"]}]},{"@type":"ImageObject","inLanguage":"en-US","@id":"https:\/\/www.lateandes.com\/en\/late-andes-100-avance-las-obras-ano-conformacion\/#primaryimage","url":"https:\/\/www.lateandes.com\/late\/wp-content\/uploads\/2016\/04\/TUI_9513.jpg","contentUrl":"https:\/\/www.lateandes.com\/late\/wp-content\/uploads\/2016\/04\/TUI_9513.jpg","width":1199,"height":678,"caption":"Frente del edificio LaTe Andes"},{"@type":"BreadcrumbList","@id":"https:\/\/www.lateandes.com\/en\/late-andes-100-avance-las-obras-ano-conformacion\/#breadcrumb","itemListElement":[{"@type":"ListItem","position":1,"name":"Portada","item":"https:\/\/www.lateandes.com\/en\/"},{"@type":"ListItem","position":2,"name":"Late Andes: 100% de avance en las obras a un a\u00f1o de su conformaci\u00f3n"}]},{"@type":"WebSite","@id":"https:\/\/www.lateandes.com\/en\/#website","url":"https:\/\/www.lateandes.com\/en\/","name":"LA.TE. ANDES S.A.","description":"Geo-thermochronology Lab","publisher":{"@id":"https:\/\/www.lateandes.com\/en\/#organization"},"potentialAction":[{"@type":"SearchAction","target":{"@type":"EntryPoint","urlTemplate":"https:\/\/www.lateandes.com\/en\/?s={search_term_string}"},"query-input":{"@type":"PropertyValueSpecification","valueRequired":true,"valueName":"search_term_string"}}],"inLanguage":"en-US"},{"@type":"Organization","@id":"https:\/\/www.lateandes.com\/en\/#organization","name":"LA.TE. ANDES S.A.","url":"https:\/\/www.lateandes.com\/en\/","logo":{"@type":"ImageObject","inLanguage":"en-US","@id":"https:\/\/www.lateandes.com\/en\/#\/schema\/logo\/image\/","url":"https:\/\/www.lateandes.com\/late\/wp-content\/uploads\/2024\/05\/logo-lateandes-redes-iso-ALT.jpg","contentUrl":"https:\/\/www.lateandes.com\/late\/wp-content\/uploads\/2024\/05\/logo-lateandes-redes-iso-ALT.jpg","width":512,"height":512,"caption":"LA.TE. ANDES S.A."},"image":{"@id":"https:\/\/www.lateandes.com\/en\/#\/schema\/logo\/image\/"}},{"@type":"Person","@id":"https:\/\/www.lateandes.com\/en\/#\/schema\/person\/884dcfb7ca3382fb26fecb065725ef46","name":"Prensa La.Te. Andes","image":{"@type":"ImageObject","inLanguage":"en-US","@id":"https:\/\/secure.gravatar.com\/avatar\/62294bb15c68195f20fadd3d4b4b870c013318441514478bf12fcd3fc56fa649?s=96&d=mm&r=g","url":"https:\/\/secure.gravatar.com\/avatar\/62294bb15c68195f20fadd3d4b4b870c013318441514478bf12fcd3fc56fa649?s=96&d=mm&r=g","contentUrl":"https:\/\/secure.gravatar.com\/avatar\/62294bb15c68195f20fadd3d4b4b870c013318441514478bf12fcd3fc56fa649?s=96&d=mm&r=g","caption":"Prensa La.Te. Andes"}}]}},"_links":{"self":[{"href":"https:\/\/www.lateandes.com\/en\/wp-json\/wp\/v2\/posts\/1669","targetHints":{"allow":["GET"]}}],"collection":[{"href":"https:\/\/www.lateandes.com\/en\/wp-json\/wp\/v2\/posts"}],"about":[{"href":"https:\/\/www.lateandes.com\/en\/wp-json\/wp\/v2\/types\/post"}],"author":[{"embeddable":true,"href":"https:\/\/www.lateandes.com\/en\/wp-json\/wp\/v2\/users\/18"}],"replies":[{"embeddable":true,"href":"https:\/\/www.lateandes.com\/en\/wp-json\/wp\/v2\/comments?post=1669"}],"version-history":[{"count":3,"href":"https:\/\/www.lateandes.com\/en\/wp-json\/wp\/v2\/posts\/1669\/revisions"}],"predecessor-version":[{"id":1693,"href":"https:\/\/www.lateandes.com\/en\/wp-json\/wp\/v2\/posts\/1669\/revisions\/1693"}],"wp:featuredmedia":[{"embeddable":true,"href":"https:\/\/www.lateandes.com\/en\/wp-json\/wp\/v2\/media\/1592"}],"wp:attachment":[{"href":"https:\/\/www.lateandes.com\/en\/wp-json\/wp\/v2\/media?parent=1669"}],"wp:term":[{"taxonomy":"category","embeddable":true,"href":"https:\/\/www.lateandes.com\/en\/wp-json\/wp\/v2\/categories?post=1669"},{"taxonomy":"post_tag","embeddable":true,"href":"https:\/\/www.lateandes.com\/en\/wp-json\/wp\/v2\/tags?post=1669"}],"curies":[{"name":"wp","href":"https:\/\/api.w.org\/{rel}","templated":true}]}}